{"id":63612,"date":"2019-11-07T08:41:57","date_gmt":"2019-11-07T11:41:57","guid":{"rendered":"https:\/\/eldiariodesanpedro.com.ar\/sitio\/?p=63612"},"modified":"2019-11-07T08:42:01","modified_gmt":"2019-11-07T11:42:01","slug":"nito-mestre-en-el-centro-de-comercio-con-el-abecedario-del-rock","status":"publish","type":"post","link":"https:\/\/eldiariodesanpedro.com.ar\/sitio\/nito-mestre-en-el-centro-de-comercio-con-el-abecedario-del-rock\/","title":{"rendered":"Nito Mestre en el Centro de Comercio con el \u00abAbecedario del Rock\u00bb"},"content":{"rendered":"<!-- VideographyWP Plugin Message: Automatic video embedding prevented by plugin options. -->\n\n<p>\n\nUno de los m\u00fasicos m\u00e1s importantes de la historia del rock nacional volver\u00e1 a San Pedro para presentar su espect\u00e1culo \u00abAbecedario del Rock\u00bb en el Sal\u00f3n de los Espejos del Centro de Comercio el pr\u00f3ximo martes&nbsp;<strong>19 de noviembre<\/strong>&nbsp;a las 20. En la propuesta,&nbsp; Nito Mestre recorre junto al m\u00fasico y periodista Mariano Irigoyen, diferentes historias<br>relacionadas con su carrera y con canciones fundamentales de las \u00faltimas d\u00e9cadas.&nbsp;&nbsp;<\/p>\n\n\n\n<p>La recorrida por el \u00abAbecedario\u00bb tambi\u00e9n incluye un mini recital del artista que sigue vigente y de gira, adem\u00e1s de conducir un programa de radio en Nacional Rock y participar de proyectos muy importantes de otras figuras.&nbsp; &nbsp;<\/p>\n\n\n\n<p><strong>La entrada es libre y gratuita pero debe reservarse anticipadamente en las oficinas del Centro de Comercio en el horario de 8 a 15 o comunic\u00e1dose al\u00a03329-599000\u00a0pasando por Mitre y San Mart\u00edn. El cupo es limitado a la capacidad del sal\u00f3n.<\/strong><\/p>\n\n\n\n<p><strong><br>\u00a0<\/strong><\/p>\n","protected":false},"excerpt":{"rendered":"<p>Uno de los m\u00fasicos m\u00e1s importantes de la historia del rock nacional volver\u00e1 a San Pedro para presentar su espect\u00e1culo \u00abAbecedario del Rock\u00bb en el Sal\u00f3n de los Espejos del Centro de Comercio el pr\u00f3ximo martes&nbsp;19 de noviembre&nbsp;a las 20. En la propuesta,&nbsp; Nito Mestre recorre junto al m\u00fasico y periodista Mariano Irigoyen, diferentes historiasrelacionadas [&hellip;]<\/p>\n","protected":false},"author":4,"featured_media":63613,"comment_status":"open","ping_status":"closed","sticky":false,"template":"","format":"standard","meta":{"om_disable_all_campaigns":false,"_jetpack_memberships_contains_paid_content":false,"footnotes":""},"categories":[101,2],"tags":[],"class_list":["post-63612","post","type-post","status-publish","format-standard","has-post-thumbnail","hentry","category-interes-general-locales","category-locales"],"aioseo_notices":[],"gutentor_comment":0,"jetpack_featured_media_url":"https:\/\/eldiariodesanpedro.com.ar\/sitio\/wp-content\/uploads\/2019\/11\/ABECEDARIO-CON-TELEFONO-DE-CONTACTO.jpeg","jetpack_shortlink":"https:\/\/wp.me\/p6RhLt-gy0","jetpack_sharing_enabled":true,"_links":{"self":[{"href":"https:\/\/eldiariodesanpedro.com.ar\/sitio\/wp-json\/wp\/v2\/posts\/63612","targetHints":{"allow":["GET"]}}],"collection":[{"href":"https:\/\/eldiariodesanpedro.com.ar\/sitio\/wp-json\/wp\/v2\/posts"}],"about":[{"href":"https:\/\/eldiariodesanpedro.com.ar\/sitio\/wp-json\/wp\/v2\/types\/post"}],"author":[{"embeddable":true,"href":"https:\/\/eldiariodesanpedro.com.ar\/sitio\/wp-json\/wp\/v2\/users\/4"}],"replies":[{"embeddable":true,"href":"https:\/\/eldiariodesanpedro.com.ar\/sitio\/wp-json\/wp\/v2\/comments?post=63612"}],"version-history":[{"count":1,"href":"https:\/\/eldiariodesanpedro.com.ar\/sitio\/wp-json\/wp\/v2\/posts\/63612\/revisions"}],"predecessor-version":[{"id":63614,"href":"https:\/\/eldiariodesanpedro.com.ar\/sitio\/wp-json\/wp\/v2\/posts\/63612\/revisions\/63614"}],"wp:featuredmedia":[{"embeddable":true,"href":"https:\/\/eldiariodesanpedro.com.ar\/sitio\/wp-json\/wp\/v2\/media\/63613"}],"wp:attachment":[{"href":"https:\/\/eldiariodesanpedro.com.ar\/sitio\/wp-json\/wp\/v2\/media?parent=63612"}],"wp:term":[{"taxonomy":"category","embeddable":true,"href":"https:\/\/eldiariodesanpedro.com.ar\/sitio\/wp-json\/wp\/v2\/categories?post=63612"},{"taxonomy":"post_tag","embeddable":true,"href":"https:\/\/eldiariodesanpedro.com.ar\/sitio\/wp-json\/wp\/v2\/tags?post=63612"}],"curies":[{"name":"wp","href":"https:\/\/api.w.org\/{rel}","templated":true}]}}