{"id":6361,"date":"2016-07-26T17:09:07","date_gmt":"2016-07-26T20:09:07","guid":{"rendered":"https:\/\/eldiariodesanpedro.com.ar\/sitio\/?p=6361"},"modified":"2026-01-24T00:33:00","modified_gmt":"2026-01-24T03:33:00","slug":"central-cordoba-nada-amistoso","status":"publish","type":"post","link":"https:\/\/eldiariodesanpedro.com.ar\/sitio\/central-cordoba-nada-amistoso\/","title":{"rendered":"Central C\u00f3rdoba nada \u201camistoso\u201d"},"content":{"rendered":"<p><!-- VideographyWP Plugin Message: Automatic video embedding prevented by plugin options. --><br \/>\nCentral C\u00f3rdoba jug\u00f3 un nuevo partido amistoso de cara al torneo Clausura \u00abReynaldo Gait\u00e1n\u00bb. Fue con goleada de 6-1 en primera divisi\u00f3n y 3-2 en reserva.<br \/>\nLos goleadores del partido principal fueron: Vel\u00e1zquez x2, Ferreyra x2, Ch\u00e1ves y Milmanda para el \u00abLobo\u00bb y Dest\u00e9fano para la visita.<br \/>\nCentral C\u00f3rdoba, dirigido por Silvio Cabral form\u00f3 con: Juan Insaurralde, Mario Benavides, Juan Mancini, Juan Manuel Fern\u00e1ndez, Nahuel Cugat, Mat\u00edas Rodr\u00edguez, Juli\u00e1n Vel\u00e1zquez, Braian Montenegro, Catriel Ferreyra, Alfredo Milmanda, Jonathan Ch\u00e1vez. <\/p>\n","protected":false},"excerpt":{"rendered":"<p>Central C\u00f3rdoba jug\u00f3 un nuevo partido amistoso de cara al torneo Clausura \u00abReynaldo Gait\u00e1n\u00bb. Fue con goleada de 6-1 en primera divisi\u00f3n y 3-2 en reserva. Los goleadores del partido principal fueron: Vel\u00e1zquez x2, Ferreyra x2, Ch\u00e1ves y Milmanda para el \u00abLobo\u00bb y Dest\u00e9fano para la visita. Central C\u00f3rdoba, dirigido por Silvio Cabral form\u00f3 con: [&hellip;]<\/p>\n","protected":false},"author":4,"featured_media":6362,"comment_status":"open","ping_status":"closed","sticky":false,"template":"","format":"standard","meta":{"om_disable_all_campaigns":false,"_jetpack_memberships_contains_paid_content":false,"footnotes":""},"categories":[5],"tags":[],"class_list":["post-6361","post","type-post","status-publish","format-standard","has-post-thumbnail","hentry","category-deportes"],"aioseo_notices":[],"gutentor_comment":0,"jetpack_featured_media_url":"https:\/\/eldiariodesanpedro.com.ar\/sitio\/wp-content\/uploads\/2016\/07\/central-Cordoba.jpg","jetpack_shortlink":"https:\/\/wp.me\/p6RhLt-1EB","jetpack_sharing_enabled":true,"_links":{"self":[{"href":"https:\/\/eldiariodesanpedro.com.ar\/sitio\/wp-json\/wp\/v2\/posts\/6361","targetHints":{"allow":["GET"]}}],"collection":[{"href":"https:\/\/eldiariodesanpedro.com.ar\/sitio\/wp-json\/wp\/v2\/posts"}],"about":[{"href":"https:\/\/eldiariodesanpedro.com.ar\/sitio\/wp-json\/wp\/v2\/types\/post"}],"author":[{"embeddable":true,"href":"https:\/\/eldiariodesanpedro.com.ar\/sitio\/wp-json\/wp\/v2\/users\/4"}],"replies":[{"embeddable":true,"href":"https:\/\/eldiariodesanpedro.com.ar\/sitio\/wp-json\/wp\/v2\/comments?post=6361"}],"version-history":[{"count":1,"href":"https:\/\/eldiariodesanpedro.com.ar\/sitio\/wp-json\/wp\/v2\/posts\/6361\/revisions"}],"predecessor-version":[{"id":6363,"href":"https:\/\/eldiariodesanpedro.com.ar\/sitio\/wp-json\/wp\/v2\/posts\/6361\/revisions\/6363"}],"wp:featuredmedia":[{"embeddable":true,"href":"https:\/\/eldiariodesanpedro.com.ar\/sitio\/wp-json\/wp\/v2\/media\/6362"}],"wp:attachment":[{"href":"https:\/\/eldiariodesanpedro.com.ar\/sitio\/wp-json\/wp\/v2\/media?parent=6361"}],"wp:term":[{"taxonomy":"category","embeddable":true,"href":"https:\/\/eldiariodesanpedro.com.ar\/sitio\/wp-json\/wp\/v2\/categories?post=6361"},{"taxonomy":"post_tag","embeddable":true,"href":"https:\/\/eldiariodesanpedro.com.ar\/sitio\/wp-json\/wp\/v2\/tags?post=6361"}],"curies":[{"name":"wp","href":"https:\/\/api.w.org\/{rel}","templated":true}]}}