{"id":63595,"date":"2019-11-06T19:06:16","date_gmt":"2019-11-06T22:06:16","guid":{"rendered":"https:\/\/eldiariodesanpedro.com.ar\/sitio\/?p=63595"},"modified":"2019-11-06T19:06:20","modified_gmt":"2019-11-06T22:06:20","slug":"principio-de-incendio-en-una-vivienda-4","status":"publish","type":"post","link":"https:\/\/eldiariodesanpedro.com.ar\/sitio\/principio-de-incendio-en-una-vivienda-4\/","title":{"rendered":"Principio de incendio en una vivienda"},"content":{"rendered":"<!-- VideographyWP Plugin Message: Automatic video embedding prevented by plugin options. -->\n\n<p>Cerca del mediod\u00eda se produjo un principio de incendio en una vivienda de calle Miguel Porta y Guemes. Una dotaci\u00f3n de bomberos acudi\u00f3 al lugar pero hab\u00eda sido sofocado por sus due\u00f1os.<\/p>\n\n\n\n<p>El problema que desat\u00f3 el fuego fue producido, seg\u00fan testimonios de la familia, un corte circuito en una de las habitaciones de la morada.<\/p>\n\n\n\n<p>La presencia del humo provoco que quienes se encontraban en la misma salieran a la vereda para no intoxicarse pero\u00a0el inconveniente qued\u00f3 controlado. <\/p>\n\n\n\n<ul class=\"wp-block-gallery columns-1 is-cropped wp-block-gallery-1 is-layout-flex wp-block-gallery-is-layout-flex\"><li class=\"blocks-gallery-item\"><figure><img decoding=\"async\" width=\"1024\" height=\"485\" data-attachment-id=\"63581\" data-permalink=\"https:\/\/eldiariodesanpedro.com.ar\/sitio\/20191106_112130\/\" data-orig-file=\"https:\/\/eldiariodesanpedro.com.ar\/sitio\/wp-content\/uploads\/2019\/11\/20191106_112130.jpg\" data-orig-size=\"4032,1908\" data-comments-opened=\"1\" data-image-meta=\"{&quot;aperture&quot;:&quot;2.4&quot;,&quot;credit&quot;:&quot;&quot;,&quot;camera&quot;:&quot;SM-G975F&quot;,&quot;caption&quot;:&quot;&quot;,&quot;created_timestamp&quot;:&quot;1573039290&quot;,&quot;copyright&quot;:&quot;&quot;,&quot;focal_length&quot;:&quot;6&quot;,&quot;iso&quot;:&quot;50&quot;,&quot;shutter_speed&quot;:&quot;0.0019723865877712&quot;,&quot;title&quot;:&quot;&quot;,&quot;orientation&quot;:&quot;1&quot;}\" data-image-title=\"20191106_112130\" data-image-description=\"\" data-image-caption=\"\" data-large-file=\"https:\/\/eldiariodesanpedro.com.ar\/sitio\/wp-content\/uploads\/2019\/11\/20191106_112130-1024x485.jpg\" data-src=\"https:\/\/eldiariodesanpedro.com.ar\/sitio\/wp-content\/uploads\/2019\/11\/20191106_112130-1024x485.jpg\" alt=\"\" data-id=\"63581\" data-link=\"https:\/\/eldiariodesanpedro.com.ar\/sitio\/20191106_112130\/\" class=\"wp-image-63581 lazyload\" data-srcset=\"https:\/\/eldiariodesanpedro.com.ar\/sitio\/wp-content\/uploads\/2019\/11\/20191106_112130-1024x485.jpg 1024w, https:\/\/eldiariodesanpedro.com.ar\/sitio\/wp-content\/uploads\/2019\/11\/20191106_112130-300x142.jpg 300w, https:\/\/eldiariodesanpedro.com.ar\/sitio\/wp-content\/uploads\/2019\/11\/20191106_112130-768x363.jpg 768w\" data-sizes=\"(max-width: 1024px) 100vw, 1024px\" src=\"data:image\/svg+xml;base64,PHN2ZyB3aWR0aD0iMSIgaGVpZ2h0PSIxIiB4bWxucz0iaHR0cDovL3d3dy53My5vcmcvMjAwMC9zdmciPjwvc3ZnPg==\" style=\"--smush-placeholder-width: 1024px; --smush-placeholder-aspect-ratio: 1024\/485;\" \/><\/figure><\/li><\/ul>\n","protected":false},"excerpt":{"rendered":"<p>Cerca del mediod\u00eda se produjo un principio de incendio en una vivienda de calle Miguel Porta y Guemes. Una dotaci\u00f3n de bomberos acudi\u00f3 al lugar pero hab\u00eda sido sofocado por sus due\u00f1os. El problema que desat\u00f3 el fuego fue producido, seg\u00fan testimonios de la familia, un corte circuito en una de las habitaciones de la [&hellip;]<\/p>\n","protected":false},"author":4,"featured_media":63579,"comment_status":"open","ping_status":"closed","sticky":false,"template":"","format":"standard","meta":{"om_disable_all_campaigns":false,"_jetpack_memberships_contains_paid_content":false,"footnotes":""},"categories":[101,2],"tags":[],"class_list":["post-63595","post","type-post","status-publish","format-standard","has-post-thumbnail","hentry","category-interes-general-locales","category-locales"],"aioseo_notices":[],"gutentor_comment":0,"jetpack_featured_media_url":"https:\/\/eldiariodesanpedro.com.ar\/sitio\/wp-content\/uploads\/2019\/11\/20191106_112105.jpg","jetpack_shortlink":"https:\/\/wp.me\/p6RhLt-gxJ","jetpack_sharing_enabled":true,"_links":{"self":[{"href":"https:\/\/eldiariodesanpedro.com.ar\/sitio\/wp-json\/wp\/v2\/posts\/63595","targetHints":{"allow":["GET"]}}],"collection":[{"href":"https:\/\/eldiariodesanpedro.com.ar\/sitio\/wp-json\/wp\/v2\/posts"}],"about":[{"href":"https:\/\/eldiariodesanpedro.com.ar\/sitio\/wp-json\/wp\/v2\/types\/post"}],"author":[{"embeddable":true,"href":"https:\/\/eldiariodesanpedro.com.ar\/sitio\/wp-json\/wp\/v2\/users\/4"}],"replies":[{"embeddable":true,"href":"https:\/\/eldiariodesanpedro.com.ar\/sitio\/wp-json\/wp\/v2\/comments?post=63595"}],"version-history":[{"count":1,"href":"https:\/\/eldiariodesanpedro.com.ar\/sitio\/wp-json\/wp\/v2\/posts\/63595\/revisions"}],"predecessor-version":[{"id":63596,"href":"https:\/\/eldiariodesanpedro.com.ar\/sitio\/wp-json\/wp\/v2\/posts\/63595\/revisions\/63596"}],"wp:featuredmedia":[{"embeddable":true,"href":"https:\/\/eldiariodesanpedro.com.ar\/sitio\/wp-json\/wp\/v2\/media\/63579"}],"wp:attachment":[{"href":"https:\/\/eldiariodesanpedro.com.ar\/sitio\/wp-json\/wp\/v2\/media?parent=63595"}],"wp:term":[{"taxonomy":"category","embeddable":true,"href":"https:\/\/eldiariodesanpedro.com.ar\/sitio\/wp-json\/wp\/v2\/categories?post=63595"},{"taxonomy":"post_tag","embeddable":true,"href":"https:\/\/eldiariodesanpedro.com.ar\/sitio\/wp-json\/wp\/v2\/tags?post=63595"}],"curies":[{"name":"wp","href":"https:\/\/api.w.org\/{rel}","templated":true}]}}