{"id":63584,"date":"2019-11-06T18:07:49","date_gmt":"2019-11-06T21:07:49","guid":{"rendered":"https:\/\/eldiariodesanpedro.com.ar\/sitio\/?p=63584"},"modified":"2019-11-06T18:07:54","modified_gmt":"2019-11-06T21:07:54","slug":"investigan-el-robo-a-la-familia-bastia-rey","status":"publish","type":"post","link":"https:\/\/eldiariodesanpedro.com.ar\/sitio\/investigan-el-robo-a-la-familia-bastia-rey\/","title":{"rendered":"Investigan el robo a la familia Bast\u00eda Rey"},"content":{"rendered":"<!-- VideographyWP Plugin Message: Automatic video embedding prevented by plugin options. -->\n\n<p>Dos delincuentes sorprendieron a la due\u00f1a de casa y le robaron distintas pertenencias, entre ellas el auto. Horas despu\u00e9s apareci\u00f3 abandonado en un campo de la Ruta 1001.<\/p>\n\n\n\n<p>El robo sufrido por la familia Bast\u00eda Rey en la noche del lunes tiene varios puntos por establecer aunque las autoridades tienen esperanzas en poder dar con los responsables del hecho.\u00a0<\/p>\n\n\n\n<p>Todo parecer\u00eda indicar que los delincuentes contaban con cierta informaci\u00f3n sobre los movimientos habituales de la mujer de 80 a\u00f1os ya que aguardaron sobre el frente de la casa ubicada sobre la calle Beaumont al 500 hasta que sali\u00f3 a sacar la basura&nbsp;y all\u00ed la interceptaron.<\/p>\n\n\n\n<p>Los malvivientes buscaban dinero y al no conseguirlo se llevaron otras pertenencias como dos televisores, y el auto Peugeot 208 blanco de la mujer, entre otros elementos.<\/p>\n\n\n\n<p>Con las primeras luces del d\u00eda el auto fue divisado abandonado en el ingreso a un campo no muy alejado del lugar en&nbsp;donde se produjo el episodio; se encontraba sobre la Ruta 1001 a metros del cruce con R\u00f3mulo Nah\u00f3n, y en su interior no se encontraban los elementos sustra\u00eddos en la vivienda.&nbsp; &nbsp;&nbsp;<\/p>\n\n\n\n<p>La causa es instruida por el fiscal Marcelo Manso.<\/p>\n\n\n\n<p>Fuente San Pedro Informa<\/p>\n\n\n\n<figure class=\"wp-block-image\"><img decoding=\"async\" width=\"1024\" height=\"768\" data-attachment-id=\"63416\" data-permalink=\"https:\/\/eldiariodesanpedro.com.ar\/sitio\/1_img-20191105-wa0001_watermark_mar-_05112019_090129\/\" data-orig-file=\"https:\/\/eldiariodesanpedro.com.ar\/sitio\/wp-content\/uploads\/2019\/11\/1_IMG-20191105-WA0001_watermark_mar._05112019_090129.jpg\" data-orig-size=\"1032,774\" data-comments-opened=\"1\" data-image-meta=\"{&quot;aperture&quot;:&quot;0&quot;,&quot;credit&quot;:&quot;&quot;,&quot;camera&quot;:&quot;&quot;,&quot;caption&quot;:&quot;&quot;,&quot;created_timestamp&quot;:&quot;0&quot;,&quot;copyright&quot;:&quot;&quot;,&quot;focal_length&quot;:&quot;0&quot;,&quot;iso&quot;:&quot;0&quot;,&quot;shutter_speed&quot;:&quot;0&quot;,&quot;title&quot;:&quot;&quot;,&quot;orientation&quot;:&quot;0&quot;}\" data-image-title=\"1_IMG-20191105-WA0001_watermark_mar._05112019_090129\" data-image-description=\"\" data-image-caption=\"\" data-large-file=\"https:\/\/eldiariodesanpedro.com.ar\/sitio\/wp-content\/uploads\/2019\/11\/1_IMG-20191105-WA0001_watermark_mar._05112019_090129-1024x768.jpg\" data-src=\"https:\/\/eldiariodesanpedro.com.ar\/sitio\/wp-content\/uploads\/2019\/11\/1_IMG-20191105-WA0001_watermark_mar._05112019_090129-1024x768.jpg\" alt=\"\" class=\"wp-image-63416 lazyload\" data-srcset=\"https:\/\/eldiariodesanpedro.com.ar\/sitio\/wp-content\/uploads\/2019\/11\/1_IMG-20191105-WA0001_watermark_mar._05112019_090129-1024x768.jpg 1024w, https:\/\/eldiariodesanpedro.com.ar\/sitio\/wp-content\/uploads\/2019\/11\/1_IMG-20191105-WA0001_watermark_mar._05112019_090129-300x225.jpg 300w, https:\/\/eldiariodesanpedro.com.ar\/sitio\/wp-content\/uploads\/2019\/11\/1_IMG-20191105-WA0001_watermark_mar._05112019_090129-768x576.jpg 768w, https:\/\/eldiariodesanpedro.com.ar\/sitio\/wp-content\/uploads\/2019\/11\/1_IMG-20191105-WA0001_watermark_mar._05112019_090129-500x375.jpg 500w, https:\/\/eldiariodesanpedro.com.ar\/sitio\/wp-content\/uploads\/2019\/11\/1_IMG-20191105-WA0001_watermark_mar._05112019_090129.jpg 1032w\" data-sizes=\"(max-width: 1024px) 100vw, 1024px\" src=\"data:image\/svg+xml;base64,PHN2ZyB3aWR0aD0iMSIgaGVpZ2h0PSIxIiB4bWxucz0iaHR0cDovL3d3dy53My5vcmcvMjAwMC9zdmciPjwvc3ZnPg==\" style=\"--smush-placeholder-width: 1024px; --smush-placeholder-aspect-ratio: 1024\/768;\" \/><\/figure>\n\n\n\n<p><\/p>\n","protected":false},"excerpt":{"rendered":"<p>Dos delincuentes sorprendieron a la due\u00f1a de casa y le robaron distintas pertenencias, entre ellas el auto. Horas despu\u00e9s apareci\u00f3 abandonado en un campo de la Ruta 1001. El robo sufrido por la familia Bast\u00eda Rey en la noche del lunes tiene varios puntos por establecer aunque las autoridades tienen esperanzas en poder dar con [&hellip;]<\/p>\n","protected":false},"author":4,"featured_media":63585,"comment_status":"open","ping_status":"closed","sticky":false,"template":"","format":"standard","meta":{"om_disable_all_campaigns":false,"_jetpack_memberships_contains_paid_content":false,"footnotes":""},"categories":[2,103],"tags":[],"class_list":["post-63584","post","type-post","status-publish","format-standard","has-post-thumbnail","hentry","category-locales","category-policiales-locales"],"aioseo_notices":[],"gutentor_comment":0,"jetpack_featured_media_url":"https:\/\/eldiariodesanpedro.com.ar\/sitio\/wp-content\/uploads\/2019\/11\/PAGINA-3-UNO.jpg","jetpack_shortlink":"https:\/\/wp.me\/p6RhLt-gxy","jetpack_sharing_enabled":true,"_links":{"self":[{"href":"https:\/\/eldiariodesanpedro.com.ar\/sitio\/wp-json\/wp\/v2\/posts\/63584","targetHints":{"allow":["GET"]}}],"collection":[{"href":"https:\/\/eldiariodesanpedro.com.ar\/sitio\/wp-json\/wp\/v2\/posts"}],"about":[{"href":"https:\/\/eldiariodesanpedro.com.ar\/sitio\/wp-json\/wp\/v2\/types\/post"}],"author":[{"embeddable":true,"href":"https:\/\/eldiariodesanpedro.com.ar\/sitio\/wp-json\/wp\/v2\/users\/4"}],"replies":[{"embeddable":true,"href":"https:\/\/eldiariodesanpedro.com.ar\/sitio\/wp-json\/wp\/v2\/comments?post=63584"}],"version-history":[{"count":1,"href":"https:\/\/eldiariodesanpedro.com.ar\/sitio\/wp-json\/wp\/v2\/posts\/63584\/revisions"}],"predecessor-version":[{"id":63586,"href":"https:\/\/eldiariodesanpedro.com.ar\/sitio\/wp-json\/wp\/v2\/posts\/63584\/revisions\/63586"}],"wp:featuredmedia":[{"embeddable":true,"href":"https:\/\/eldiariodesanpedro.com.ar\/sitio\/wp-json\/wp\/v2\/media\/63585"}],"wp:attachment":[{"href":"https:\/\/eldiariodesanpedro.com.ar\/sitio\/wp-json\/wp\/v2\/media?parent=63584"}],"wp:term":[{"taxonomy":"category","embeddable":true,"href":"https:\/\/eldiariodesanpedro.com.ar\/sitio\/wp-json\/wp\/v2\/categories?post=63584"},{"taxonomy":"post_tag","embeddable":true,"href":"https:\/\/eldiariodesanpedro.com.ar\/sitio\/wp-json\/wp\/v2\/tags?post=63584"}],"curies":[{"name":"wp","href":"https:\/\/api.w.org\/{rel}","templated":true}]}}