{"id":6356,"date":"2016-07-25T19:10:59","date_gmt":"2016-07-25T22:10:59","guid":{"rendered":"https:\/\/eldiariodesanpedro.com.ar\/sitio\/?p=6356"},"modified":"2016-07-25T19:10:59","modified_gmt":"2016-07-25T22:10:59","slug":"salazar-participo-de-un-debate-por-los-caminos-rurales-en-la-exposicion-rural-de-palermo","status":"publish","type":"post","link":"https:\/\/eldiariodesanpedro.com.ar\/sitio\/salazar-participo-de-un-debate-por-los-caminos-rurales-en-la-exposicion-rural-de-palermo\/","title":{"rendered":"Salazar particip\u00f3 de un debate por los caminos rurales en la exposicI\u00f3n rural de Palermo"},"content":{"rendered":"<p><!-- VideographyWP Plugin Message: Automatic video embedding prevented by plugin options. --><br \/>\nLa semana pasada, el jefe comunal particip\u00f3 de un encuentro de intendentes desarrollado en el \u00e1mbito de la exposici\u00f3n organizada por la Sociedad Rural de Buenos Aires.<br \/>\n\u201cSe debati\u00f3 sobre caminos y escuelas rurales\u201d, explic\u00f3 Salazar y sostuvo \u201cfue un debate interesante\u201d. \u201cHubo cuatro intendentes en esa mesa\u201d, a\u00f1adi\u00f3.<br \/>\nEn tanto que, sobre la tem\u00e1tica, cont\u00f3: \u201cLas primeras medidas de gobierno benefici\u00f3 mucho al sector rural\u201d, \u201cest\u00e1 en un buen momento\u201d. Es por ello que \u201cse plantea la dicotom\u00eda que tranqueras adentro se est\u00e1 creciendo mucho pero afuera los caminos siguen tal cual estaban, todos destruidos\u201d.<br \/>\nLa idea es \u201clograr un plan en la provincia de Buenos Aires a los efectos de su mejora\u201d y \u201ceso conecta a su vez con el tema de las escuela rurales. Todos saben que cuando llueve muchos, los chicos, pierden esos d\u00edas de clases\u201d, sostuvo.<br \/>\nPara ello se buscar\u00e1 la \u201cfinanciaci\u00f3n del Gobierno nacional o provincial\u201d y \u201cse necesita un trabajo estructural en los caminos rurales\u201d.<br \/>\nAl tiempo,Salazar manifest\u00f3 que \u201chubo una influencia de Ra\u00fal Victores\u201d para que participara.<\/p>\n","protected":false},"excerpt":{"rendered":"<p>La semana pasada, el jefe comunal particip\u00f3 de un encuentro de intendentes desarrollado en el \u00e1mbito de la exposici\u00f3n organizada por la Sociedad Rural de Buenos Aires. \u201cSe debati\u00f3 sobre caminos y escuelas rurales\u201d, explic\u00f3 Salazar y sostuvo \u201cfue un debate interesante\u201d. \u201cHubo cuatro intendentes en esa mesa\u201d, a\u00f1adi\u00f3. En tanto que, sobre la tem\u00e1tica, [&hellip;]<\/p>\n","protected":false},"author":4,"featured_media":6357,"comment_status":"open","ping_status":"closed","sticky":false,"template":"","format":"standard","meta":{"om_disable_all_campaigns":false,"_jetpack_memberships_contains_paid_content":false,"footnotes":""},"categories":[2,102],"tags":[],"class_list":["post-6356","post","type-post","status-publish","format-standard","has-post-thumbnail","hentry","category-locales","category-politica-locales"],"aioseo_notices":[],"gutentor_comment":0,"jetpack_featured_media_url":"https:\/\/eldiariodesanpedro.com.ar\/sitio\/wp-content\/uploads\/2016\/07\/salazar.jpg","jetpack_shortlink":"https:\/\/wp.me\/p6RhLt-1Ew","jetpack_sharing_enabled":true,"_links":{"self":[{"href":"https:\/\/eldiariodesanpedro.com.ar\/sitio\/wp-json\/wp\/v2\/posts\/6356","targetHints":{"allow":["GET"]}}],"collection":[{"href":"https:\/\/eldiariodesanpedro.com.ar\/sitio\/wp-json\/wp\/v2\/posts"}],"about":[{"href":"https:\/\/eldiariodesanpedro.com.ar\/sitio\/wp-json\/wp\/v2\/types\/post"}],"author":[{"embeddable":true,"href":"https:\/\/eldiariodesanpedro.com.ar\/sitio\/wp-json\/wp\/v2\/users\/4"}],"replies":[{"embeddable":true,"href":"https:\/\/eldiariodesanpedro.com.ar\/sitio\/wp-json\/wp\/v2\/comments?post=6356"}],"version-history":[{"count":1,"href":"https:\/\/eldiariodesanpedro.com.ar\/sitio\/wp-json\/wp\/v2\/posts\/6356\/revisions"}],"predecessor-version":[{"id":6358,"href":"https:\/\/eldiariodesanpedro.com.ar\/sitio\/wp-json\/wp\/v2\/posts\/6356\/revisions\/6358"}],"wp:featuredmedia":[{"embeddable":true,"href":"https:\/\/eldiariodesanpedro.com.ar\/sitio\/wp-json\/wp\/v2\/media\/6357"}],"wp:attachment":[{"href":"https:\/\/eldiariodesanpedro.com.ar\/sitio\/wp-json\/wp\/v2\/media?parent=6356"}],"wp:term":[{"taxonomy":"category","embeddable":true,"href":"https:\/\/eldiariodesanpedro.com.ar\/sitio\/wp-json\/wp\/v2\/categories?post=6356"},{"taxonomy":"post_tag","embeddable":true,"href":"https:\/\/eldiariodesanpedro.com.ar\/sitio\/wp-json\/wp\/v2\/tags?post=6356"}],"curies":[{"name":"wp","href":"https:\/\/api.w.org\/{rel}","templated":true}]}}