{"id":63555,"date":"2019-11-06T10:59:17","date_gmt":"2019-11-06T13:59:17","guid":{"rendered":"https:\/\/eldiariodesanpedro.com.ar\/sitio\/?p=63555"},"modified":"2019-11-06T10:59:22","modified_gmt":"2019-11-06T13:59:22","slug":"viaje-educativo-para-los-alumnos-de-la-eep-n11-y-ees-n1-de-santa-lucia","status":"publish","type":"post","link":"https:\/\/eldiariodesanpedro.com.ar\/sitio\/viaje-educativo-para-los-alumnos-de-la-eep-n11-y-ees-n1-de-santa-lucia\/","title":{"rendered":"Viaje educativo para los alumnos de la EEP N\u00b011 y EES N\u00b01 de Santa Luc\u00eda"},"content":{"rendered":"<!-- VideographyWP Plugin Message: Automatic video embedding prevented by plugin options. -->\n\n<p>Alumnos de las Escuelas Secundaria N\u00b01 de Santa Luc\u00eda y Primaria N\u00b0 11 de nuestra ciudad realizan, durante toda la semana, un viaje educativo al Centro C.B. de Garrigos.<\/p>\n\n\n\n<p>Con un total de 47 alumnos, con sus respectivos docentes acompa\u00f1antes, recorrer\u00e1n diferentes lugares hist\u00f3ricos y recreativos, como la Plaza de Mayo, la Casa Rosada, el Cabildo, la Fragata Sarmiento, el CCK, la Ex Esma, Caminito, La Bombonera y el Estadio de River Plate, entre otros.<\/p>\n\n\n\n<p>Dicho viaje fue gestionado por el Intendente Municipal Cecilio Salazar y el Articulador del Centro de Referencia local Jos\u00e9 Luis Franchini. <\/p>\n\n\n\n<p>Hay que destacar la predisposici\u00f3n y agradecer la colaboraci\u00f3n de la Jefatura Distrital y el Consejo Escolar de nuestra ciudad.<\/p>\n\n\n\n<ul class=\"wp-block-gallery columns-3 is-cropped wp-block-gallery-1 is-layout-flex wp-block-gallery-is-layout-flex\"><li class=\"blocks-gallery-item\"><figure><img decoding=\"async\" width=\"720\" height=\"960\" data-attachment-id=\"63556\" data-permalink=\"https:\/\/eldiariodesanpedro.com.ar\/sitio\/viaje-educativo-para-los-alumnos-de-la-eep-n11-y-ees-n1-de-santa-lucia\/73194236_2561676143927045_1424779113238888448_n\/\" data-orig-file=\"https:\/\/eldiariodesanpedro.com.ar\/sitio\/wp-content\/uploads\/2019\/11\/73194236_2561676143927045_1424779113238888448_n.jpg\" data-orig-size=\"720,960\" data-comments-opened=\"1\" data-image-meta=\"{&quot;aperture&quot;:&quot;0&quot;,&quot;credit&quot;:&quot;&quot;,&quot;camera&quot;:&quot;&quot;,&quot;caption&quot;:&quot;&quot;,&quot;created_timestamp&quot;:&quot;0&quot;,&quot;copyright&quot;:&quot;&quot;,&quot;focal_length&quot;:&quot;0&quot;,&quot;iso&quot;:&quot;0&quot;,&quot;shutter_speed&quot;:&quot;0&quot;,&quot;title&quot;:&quot;&quot;,&quot;orientation&quot;:&quot;0&quot;}\" data-image-title=\"73194236_2561676143927045_1424779113238888448_n\" data-image-description=\"\" data-image-caption=\"\" data-large-file=\"https:\/\/eldiariodesanpedro.com.ar\/sitio\/wp-content\/uploads\/2019\/11\/73194236_2561676143927045_1424779113238888448_n.jpg\" data-src=\"https:\/\/eldiariodesanpedro.com.ar\/sitio\/wp-content\/uploads\/2019\/11\/73194236_2561676143927045_1424779113238888448_n.jpg\" alt=\"\" data-id=\"63556\" data-link=\"https:\/\/eldiariodesanpedro.com.ar\/sitio\/?attachment_id=63556\" class=\"wp-image-63556 lazyload\" data-srcset=\"https:\/\/eldiariodesanpedro.com.ar\/sitio\/wp-content\/uploads\/2019\/11\/73194236_2561676143927045_1424779113238888448_n.jpg 720w, https:\/\/eldiariodesanpedro.com.ar\/sitio\/wp-content\/uploads\/2019\/11\/73194236_2561676143927045_1424779113238888448_n-225x300.jpg 225w\" data-sizes=\"(max-width: 720px) 100vw, 720px\" src=\"data:image\/svg+xml;base64,PHN2ZyB3aWR0aD0iMSIgaGVpZ2h0PSIxIiB4bWxucz0iaHR0cDovL3d3dy53My5vcmcvMjAwMC9zdmciPjwvc3ZnPg==\" style=\"--smush-placeholder-width: 720px; --smush-placeholder-aspect-ratio: 720\/960;\" \/><\/figure><\/li><li class=\"blocks-gallery-item\"><figure><img decoding=\"async\" width=\"720\" height=\"960\" data-attachment-id=\"63557\" data-permalink=\"https:\/\/eldiariodesanpedro.com.ar\/sitio\/viaje-educativo-para-los-alumnos-de-la-eep-n11-y-ees-n1-de-santa-lucia\/73309993_2561676137260379_4639843828314931200_n\/\" data-orig-file=\"https:\/\/eldiariodesanpedro.com.ar\/sitio\/wp-content\/uploads\/2019\/11\/73309993_2561676137260379_4639843828314931200_n.jpg\" data-orig-size=\"720,960\" data-comments-opened=\"1\" data-image-meta=\"{&quot;aperture&quot;:&quot;0&quot;,&quot;credit&quot;:&quot;&quot;,&quot;camera&quot;:&quot;&quot;,&quot;caption&quot;:&quot;&quot;,&quot;created_timestamp&quot;:&quot;0&quot;,&quot;copyright&quot;:&quot;&quot;,&quot;focal_length&quot;:&quot;0&quot;,&quot;iso&quot;:&quot;0&quot;,&quot;shutter_speed&quot;:&quot;0&quot;,&quot;title&quot;:&quot;&quot;,&quot;orientation&quot;:&quot;0&quot;}\" data-image-title=\"73309993_2561676137260379_4639843828314931200_n\" data-image-description=\"\" data-image-caption=\"\" data-large-file=\"https:\/\/eldiariodesanpedro.com.ar\/sitio\/wp-content\/uploads\/2019\/11\/73309993_2561676137260379_4639843828314931200_n.jpg\" data-src=\"https:\/\/eldiariodesanpedro.com.ar\/sitio\/wp-content\/uploads\/2019\/11\/73309993_2561676137260379_4639843828314931200_n.jpg\" alt=\"\" data-id=\"63557\" data-link=\"https:\/\/eldiariodesanpedro.com.ar\/sitio\/?attachment_id=63557\" class=\"wp-image-63557 lazyload\" data-srcset=\"https:\/\/eldiariodesanpedro.com.ar\/sitio\/wp-content\/uploads\/2019\/11\/73309993_2561676137260379_4639843828314931200_n.jpg 720w, https:\/\/eldiariodesanpedro.com.ar\/sitio\/wp-content\/uploads\/2019\/11\/73309993_2561676137260379_4639843828314931200_n-225x300.jpg 225w\" data-sizes=\"(max-width: 720px) 100vw, 720px\" src=\"data:image\/svg+xml;base64,PHN2ZyB3aWR0aD0iMSIgaGVpZ2h0PSIxIiB4bWxucz0iaHR0cDovL3d3dy53My5vcmcvMjAwMC9zdmciPjwvc3ZnPg==\" style=\"--smush-placeholder-width: 720px; --smush-placeholder-aspect-ratio: 720\/960;\" \/><\/figure><\/li><li class=\"blocks-gallery-item\"><figure><img decoding=\"async\" width=\"720\" height=\"960\" data-attachment-id=\"63558\" data-permalink=\"https:\/\/eldiariodesanpedro.com.ar\/sitio\/viaje-educativo-para-los-alumnos-de-la-eep-n11-y-ees-n1-de-santa-lucia\/75079856_2561676287260364_8298075737282314240_n\/\" data-orig-file=\"https:\/\/eldiariodesanpedro.com.ar\/sitio\/wp-content\/uploads\/2019\/11\/75079856_2561676287260364_8298075737282314240_n.jpg\" data-orig-size=\"720,960\" data-comments-opened=\"1\" data-image-meta=\"{&quot;aperture&quot;:&quot;0&quot;,&quot;credit&quot;:&quot;&quot;,&quot;camera&quot;:&quot;&quot;,&quot;caption&quot;:&quot;&quot;,&quot;created_timestamp&quot;:&quot;0&quot;,&quot;copyright&quot;:&quot;&quot;,&quot;focal_length&quot;:&quot;0&quot;,&quot;iso&quot;:&quot;0&quot;,&quot;shutter_speed&quot;:&quot;0&quot;,&quot;title&quot;:&quot;&quot;,&quot;orientation&quot;:&quot;0&quot;}\" data-image-title=\"75079856_2561676287260364_8298075737282314240_n\" data-image-description=\"\" data-image-caption=\"\" data-large-file=\"https:\/\/eldiariodesanpedro.com.ar\/sitio\/wp-content\/uploads\/2019\/11\/75079856_2561676287260364_8298075737282314240_n.jpg\" data-src=\"https:\/\/eldiariodesanpedro.com.ar\/sitio\/wp-content\/uploads\/2019\/11\/75079856_2561676287260364_8298075737282314240_n.jpg\" alt=\"\" data-id=\"63558\" data-link=\"https:\/\/eldiariodesanpedro.com.ar\/sitio\/?attachment_id=63558\" class=\"wp-image-63558 lazyload\" data-srcset=\"https:\/\/eldiariodesanpedro.com.ar\/sitio\/wp-content\/uploads\/2019\/11\/75079856_2561676287260364_8298075737282314240_n.jpg 720w, https:\/\/eldiariodesanpedro.com.ar\/sitio\/wp-content\/uploads\/2019\/11\/75079856_2561676287260364_8298075737282314240_n-225x300.jpg 225w\" data-sizes=\"(max-width: 720px) 100vw, 720px\" src=\"data:image\/svg+xml;base64,PHN2ZyB3aWR0aD0iMSIgaGVpZ2h0PSIxIiB4bWxucz0iaHR0cDovL3d3dy53My5vcmcvMjAwMC9zdmciPjwvc3ZnPg==\" style=\"--smush-placeholder-width: 720px; --smush-placeholder-aspect-ratio: 720\/960;\" \/><\/figure><\/li><li class=\"blocks-gallery-item\"><figure><img decoding=\"async\" width=\"720\" height=\"960\" data-attachment-id=\"63559\" data-permalink=\"https:\/\/eldiariodesanpedro.com.ar\/sitio\/viaje-educativo-para-los-alumnos-de-la-eep-n11-y-ees-n1-de-santa-lucia\/75388452_2561676167260376_1411393976509923328_n\/\" data-orig-file=\"https:\/\/eldiariodesanpedro.com.ar\/sitio\/wp-content\/uploads\/2019\/11\/75388452_2561676167260376_1411393976509923328_n.jpg\" data-orig-size=\"720,960\" data-comments-opened=\"1\" data-image-meta=\"{&quot;aperture&quot;:&quot;0&quot;,&quot;credit&quot;:&quot;&quot;,&quot;camera&quot;:&quot;&quot;,&quot;caption&quot;:&quot;&quot;,&quot;created_timestamp&quot;:&quot;0&quot;,&quot;copyright&quot;:&quot;&quot;,&quot;focal_length&quot;:&quot;0&quot;,&quot;iso&quot;:&quot;0&quot;,&quot;shutter_speed&quot;:&quot;0&quot;,&quot;title&quot;:&quot;&quot;,&quot;orientation&quot;:&quot;0&quot;}\" data-image-title=\"75388452_2561676167260376_1411393976509923328_n\" data-image-description=\"\" data-image-caption=\"\" data-large-file=\"https:\/\/eldiariodesanpedro.com.ar\/sitio\/wp-content\/uploads\/2019\/11\/75388452_2561676167260376_1411393976509923328_n.jpg\" data-src=\"https:\/\/eldiariodesanpedro.com.ar\/sitio\/wp-content\/uploads\/2019\/11\/75388452_2561676167260376_1411393976509923328_n.jpg\" alt=\"\" data-id=\"63559\" data-link=\"https:\/\/eldiariodesanpedro.com.ar\/sitio\/?attachment_id=63559\" class=\"wp-image-63559 lazyload\" data-srcset=\"https:\/\/eldiariodesanpedro.com.ar\/sitio\/wp-content\/uploads\/2019\/11\/75388452_2561676167260376_1411393976509923328_n.jpg 720w, https:\/\/eldiariodesanpedro.com.ar\/sitio\/wp-content\/uploads\/2019\/11\/75388452_2561676167260376_1411393976509923328_n-225x300.jpg 225w\" data-sizes=\"(max-width: 720px) 100vw, 720px\" src=\"data:image\/svg+xml;base64,PHN2ZyB3aWR0aD0iMSIgaGVpZ2h0PSIxIiB4bWxucz0iaHR0cDovL3d3dy53My5vcmcvMjAwMC9zdmciPjwvc3ZnPg==\" style=\"--smush-placeholder-width: 720px; --smush-placeholder-aspect-ratio: 720\/960;\" \/><\/figure><\/li><\/ul>\n","protected":false},"excerpt":{"rendered":"<p>Alumnos de las Escuelas Secundaria N\u00b01 de Santa Luc\u00eda y Primaria N\u00b0 11 de nuestra ciudad realizan, durante toda la semana, un viaje educativo al Centro C.B. de Garrigos. Con un total de 47 alumnos, con sus respectivos docentes acompa\u00f1antes, recorrer\u00e1n diferentes lugares hist\u00f3ricos y recreativos, como la Plaza de Mayo, la Casa Rosada, el [&hellip;]<\/p>\n","protected":false},"author":4,"featured_media":63560,"comment_status":"open","ping_status":"closed","sticky":false,"template":"","format":"standard","meta":{"om_disable_all_campaigns":false,"_jetpack_memberships_contains_paid_content":false,"footnotes":""},"categories":[101,2],"tags":[],"class_list":["post-63555","post","type-post","status-publish","format-standard","has-post-thumbnail","hentry","category-interes-general-locales","category-locales"],"aioseo_notices":[],"gutentor_comment":0,"jetpack_featured_media_url":"https:\/\/eldiariodesanpedro.com.ar\/sitio\/wp-content\/uploads\/2019\/11\/viaje.jpg","jetpack_shortlink":"https:\/\/wp.me\/p6RhLt-gx5","jetpack_sharing_enabled":true,"_links":{"self":[{"href":"https:\/\/eldiariodesanpedro.com.ar\/sitio\/wp-json\/wp\/v2\/posts\/63555","targetHints":{"allow":["GET"]}}],"collection":[{"href":"https:\/\/eldiariodesanpedro.com.ar\/sitio\/wp-json\/wp\/v2\/posts"}],"about":[{"href":"https:\/\/eldiariodesanpedro.com.ar\/sitio\/wp-json\/wp\/v2\/types\/post"}],"author":[{"embeddable":true,"href":"https:\/\/eldiariodesanpedro.com.ar\/sitio\/wp-json\/wp\/v2\/users\/4"}],"replies":[{"embeddable":true,"href":"https:\/\/eldiariodesanpedro.com.ar\/sitio\/wp-json\/wp\/v2\/comments?post=63555"}],"version-history":[{"count":1,"href":"https:\/\/eldiariodesanpedro.com.ar\/sitio\/wp-json\/wp\/v2\/posts\/63555\/revisions"}],"predecessor-version":[{"id":63561,"href":"https:\/\/eldiariodesanpedro.com.ar\/sitio\/wp-json\/wp\/v2\/posts\/63555\/revisions\/63561"}],"wp:featuredmedia":[{"embeddable":true,"href":"https:\/\/eldiariodesanpedro.com.ar\/sitio\/wp-json\/wp\/v2\/media\/63560"}],"wp:attachment":[{"href":"https:\/\/eldiariodesanpedro.com.ar\/sitio\/wp-json\/wp\/v2\/media?parent=63555"}],"wp:term":[{"taxonomy":"category","embeddable":true,"href":"https:\/\/eldiariodesanpedro.com.ar\/sitio\/wp-json\/wp\/v2\/categories?post=63555"},{"taxonomy":"post_tag","embeddable":true,"href":"https:\/\/eldiariodesanpedro.com.ar\/sitio\/wp-json\/wp\/v2\/tags?post=63555"}],"curies":[{"name":"wp","href":"https:\/\/api.w.org\/{rel}","templated":true}]}}