{"id":63536,"date":"2019-11-06T10:05:11","date_gmt":"2019-11-06T13:05:11","guid":{"rendered":"https:\/\/eldiariodesanpedro.com.ar\/sitio\/?p=63536"},"modified":"2019-11-06T10:05:16","modified_gmt":"2019-11-06T13:05:16","slug":"ramallo-nuevo-comisario-para-villa-ramallo","status":"publish","type":"post","link":"https:\/\/eldiariodesanpedro.com.ar\/sitio\/ramallo-nuevo-comisario-para-villa-ramallo\/","title":{"rendered":"RAMALLO | Nuevo comisario para Villa Ramallo"},"content":{"rendered":"<!-- VideographyWP Plugin Message: Automatic video embedding prevented by plugin options. -->\n\n<p>La Jefatura Departamental tom\u00f3 la decisi\u00f3n de cambiar al comisario de la Estaci\u00f3n Comunal Segunda de Villa Ramallo. Hasta la semana pasada, el cargo era ocupado por&nbsp;<strong>Cristian Ponce<\/strong>, quien fue reemplazado por&nbsp;<strong>Natalia Valeria Rojas<\/strong>.<\/p>\n\n\n\n<p>Rojas estaba al frente de la Comisar\u00eda N\u00b0 3 de San Nicol\u00e1s, ciudad de la que es oriunda y reside. Por lo pronto Ponce, quien a\u00fan no fue asignado en otro lugar, fue trasladado al Comando de San Nicol\u00e1s.<\/p>\n\n\n\n<p>Este reemplazo se suma al del comisario\u00a0<strong>Juan Cruz Acevedo<\/strong>\u00a0de la Estaci\u00f3n Comunal Primera de Ramallo el mes pasado.<\/p>\n\n\n\n<p>Fuente: Ramallo Ciudad<\/p>\n\n\n\n<p><\/p>\n","protected":false},"excerpt":{"rendered":"<p>La Jefatura Departamental tom\u00f3 la decisi\u00f3n de cambiar al comisario de la Estaci\u00f3n Comunal Segunda de Villa Ramallo. Hasta la semana pasada, el cargo era ocupado por&nbsp;Cristian Ponce, quien fue reemplazado por&nbsp;Natalia Valeria Rojas. Rojas estaba al frente de la Comisar\u00eda N\u00b0 3 de San Nicol\u00e1s, ciudad de la que es oriunda y reside. Por [&hellip;]<\/p>\n","protected":false},"author":4,"featured_media":63537,"comment_status":"open","ping_status":"closed","sticky":false,"template":"","format":"standard","meta":{"om_disable_all_campaigns":false,"_jetpack_memberships_contains_paid_content":false,"footnotes":""},"categories":[621],"tags":[],"class_list":["post-63536","post","type-post","status-publish","format-standard","has-post-thumbnail","hentry","category-regionales"],"aioseo_notices":[],"gutentor_comment":0,"jetpack_featured_media_url":"https:\/\/eldiariodesanpedro.com.ar\/sitio\/wp-content\/uploads\/2019\/11\/bbx_203414484_1_comisaria_villa_ramallo.jpg","jetpack_shortlink":"https:\/\/wp.me\/p6RhLt-gwM","jetpack_sharing_enabled":true,"_links":{"self":[{"href":"https:\/\/eldiariodesanpedro.com.ar\/sitio\/wp-json\/wp\/v2\/posts\/63536","targetHints":{"allow":["GET"]}}],"collection":[{"href":"https:\/\/eldiariodesanpedro.com.ar\/sitio\/wp-json\/wp\/v2\/posts"}],"about":[{"href":"https:\/\/eldiariodesanpedro.com.ar\/sitio\/wp-json\/wp\/v2\/types\/post"}],"author":[{"embeddable":true,"href":"https:\/\/eldiariodesanpedro.com.ar\/sitio\/wp-json\/wp\/v2\/users\/4"}],"replies":[{"embeddable":true,"href":"https:\/\/eldiariodesanpedro.com.ar\/sitio\/wp-json\/wp\/v2\/comments?post=63536"}],"version-history":[{"count":1,"href":"https:\/\/eldiariodesanpedro.com.ar\/sitio\/wp-json\/wp\/v2\/posts\/63536\/revisions"}],"predecessor-version":[{"id":63538,"href":"https:\/\/eldiariodesanpedro.com.ar\/sitio\/wp-json\/wp\/v2\/posts\/63536\/revisions\/63538"}],"wp:featuredmedia":[{"embeddable":true,"href":"https:\/\/eldiariodesanpedro.com.ar\/sitio\/wp-json\/wp\/v2\/media\/63537"}],"wp:attachment":[{"href":"https:\/\/eldiariodesanpedro.com.ar\/sitio\/wp-json\/wp\/v2\/media?parent=63536"}],"wp:term":[{"taxonomy":"category","embeddable":true,"href":"https:\/\/eldiariodesanpedro.com.ar\/sitio\/wp-json\/wp\/v2\/categories?post=63536"},{"taxonomy":"post_tag","embeddable":true,"href":"https:\/\/eldiariodesanpedro.com.ar\/sitio\/wp-json\/wp\/v2\/tags?post=63536"}],"curies":[{"name":"wp","href":"https:\/\/api.w.org\/{rel}","templated":true}]}}