{"id":63533,"date":"2019-11-06T10:03:35","date_gmt":"2019-11-06T13:03:35","guid":{"rendered":"https:\/\/eldiariodesanpedro.com.ar\/sitio\/?p=63533"},"modified":"2019-11-06T10:03:39","modified_gmt":"2019-11-06T13:03:39","slug":"ramallo-la-linea-500-reclama-subsidios-atrasados","status":"publish","type":"post","link":"https:\/\/eldiariodesanpedro.com.ar\/sitio\/ramallo-la-linea-500-reclama-subsidios-atrasados\/","title":{"rendered":"RAMALLO | La L\u00ednea 500 reclama subsidios atrasados"},"content":{"rendered":"<!-- VideographyWP Plugin Message: Automatic video embedding prevented by plugin options. -->\n\n<p>La empresa Colectivos Ramallo SRL reclama al Municipio de Ramallo el pago de subsidios atrasados. Seg\u00fan la empresa, se le adeuda m\u00e1s de medio mill\u00f3n de pesos. Amenazo con iniciar acciones legales sino se regulariza el pago.<\/p>\n\n\n\n<p>A trav\u00e9s de una nota presentada en el Concejo Deliberante, la concesionaria de la l\u00ednea local de transporte p\u00fablico, demand\u00f3 que se ha efectuado una retenci\u00f3n indebida de la suma de $ 187.636 mensual desde junio hasta la fecha, \u201cpor lo que a\u00fan adeudan un total de $ 562.910\u201d.<\/p>\n\n\n\n<p>Adem\u00e1s volvi\u00f3 a pedir en el incremento del boleto: \u201cAsimismo solicito de manera urgente nueva fijaci\u00f3n de tarifas, habiendo ya demostrado con el respaldo t\u00e9cnico correspondiente que con las tarifas actuales es imposible seguir prestando el servicio a nuestro cargo\u201d.<\/p>\n\n\n\n<p>Fuente: Ramallo Ciudad<br><\/p>\n","protected":false},"excerpt":{"rendered":"<p>La empresa Colectivos Ramallo SRL reclama al Municipio de Ramallo el pago de subsidios atrasados. Seg\u00fan la empresa, se le adeuda m\u00e1s de medio mill\u00f3n de pesos. Amenazo con iniciar acciones legales sino se regulariza el pago. A trav\u00e9s de una nota presentada en el Concejo Deliberante, la concesionaria de la l\u00ednea local de transporte [&hellip;]<\/p>\n","protected":false},"author":4,"featured_media":63534,"comment_status":"open","ping_status":"closed","sticky":false,"template":"","format":"standard","meta":{"om_disable_all_campaigns":false,"_jetpack_memberships_contains_paid_content":false,"footnotes":""},"categories":[621],"tags":[],"class_list":["post-63533","post","type-post","status-publish","format-standard","has-post-thumbnail","hentry","category-regionales"],"aioseo_notices":[],"gutentor_comment":0,"jetpack_featured_media_url":"https:\/\/eldiariodesanpedro.com.ar\/sitio\/wp-content\/uploads\/2019\/11\/bbx_203414484_1_linea_500.jpg","jetpack_shortlink":"https:\/\/wp.me\/p6RhLt-gwJ","jetpack_sharing_enabled":true,"_links":{"self":[{"href":"https:\/\/eldiariodesanpedro.com.ar\/sitio\/wp-json\/wp\/v2\/posts\/63533","targetHints":{"allow":["GET"]}}],"collection":[{"href":"https:\/\/eldiariodesanpedro.com.ar\/sitio\/wp-json\/wp\/v2\/posts"}],"about":[{"href":"https:\/\/eldiariodesanpedro.com.ar\/sitio\/wp-json\/wp\/v2\/types\/post"}],"author":[{"embeddable":true,"href":"https:\/\/eldiariodesanpedro.com.ar\/sitio\/wp-json\/wp\/v2\/users\/4"}],"replies":[{"embeddable":true,"href":"https:\/\/eldiariodesanpedro.com.ar\/sitio\/wp-json\/wp\/v2\/comments?post=63533"}],"version-history":[{"count":1,"href":"https:\/\/eldiariodesanpedro.com.ar\/sitio\/wp-json\/wp\/v2\/posts\/63533\/revisions"}],"predecessor-version":[{"id":63535,"href":"https:\/\/eldiariodesanpedro.com.ar\/sitio\/wp-json\/wp\/v2\/posts\/63533\/revisions\/63535"}],"wp:featuredmedia":[{"embeddable":true,"href":"https:\/\/eldiariodesanpedro.com.ar\/sitio\/wp-json\/wp\/v2\/media\/63534"}],"wp:attachment":[{"href":"https:\/\/eldiariodesanpedro.com.ar\/sitio\/wp-json\/wp\/v2\/media?parent=63533"}],"wp:term":[{"taxonomy":"category","embeddable":true,"href":"https:\/\/eldiariodesanpedro.com.ar\/sitio\/wp-json\/wp\/v2\/categories?post=63533"},{"taxonomy":"post_tag","embeddable":true,"href":"https:\/\/eldiariodesanpedro.com.ar\/sitio\/wp-json\/wp\/v2\/tags?post=63533"}],"curies":[{"name":"wp","href":"https:\/\/api.w.org\/{rel}","templated":true}]}}