{"id":63530,"date":"2019-11-06T10:35:09","date_gmt":"2019-11-06T13:35:09","guid":{"rendered":"https:\/\/eldiariodesanpedro.com.ar\/sitio\/?p=63530"},"modified":"2019-11-06T10:54:11","modified_gmt":"2019-11-06T13:54:11","slug":"dos-personas-heridas-con-arma-blanca-tras-una-gresca-familiar","status":"publish","type":"post","link":"https:\/\/eldiariodesanpedro.com.ar\/sitio\/dos-personas-heridas-con-arma-blanca-tras-una-gresca-familiar\/","title":{"rendered":"Dos personas heridas con arma blanca tras una gresca familiar"},"content":{"rendered":"<!-- VideographyWP Plugin Message: Automatic video embedding prevented by plugin options. -->\n\n<p>Sucedi\u00f3 por la noche de este martes, un conflicto aparentemente familiar y entre vecinos termino con dos personas heridas con arma blanca.<\/p>\n\n\n\n<p>Entre tres o cuatro m\u00f3viles policiales acudieron a un llamado de urgencia al barrio San Jose, donde sobre calle Cucit al 800 era un verdadero desmadre.<\/p>\n\n\n\n<figure class=\"wp-block-video\"><video height=\"352\" style=\"aspect-ratio: 640 \/ 352;\" width=\"640\" controls src=\"https:\/\/eldiariodesanpedro.com.ar\/sitio\/wp-content\/uploads\/2019\/11\/WhatsApp-Video-2019-11-06-at-8.32.03-AM-1.mp4\"><\/video><figcaption>WhatsApp-Video-2019-11-06-at-8.32.03-AM-1<\/figcaption><\/figure>\n\n\n\n<p>Seg\u00fan testimonios de vecinos todo habr\u00eda ocurrido por un conflicto familiar donde se enfrentan dos femeninas primeramente, una de 58 a\u00f1os de edad y la otra de 23.<\/p>\n\n\n\n<p>La de 23 resulta lesionada con un arma blanca en la zona de la cabeza.<\/p>\n\n\n\n<p>En nuestra redacci\u00f3n recibimos una filmaci\u00f3n del momento en que otros dos masculinos tambi\u00e9n habr\u00edan mantenido un enfrentamiento en la misma escena.<\/p>\n\n\n\n<p>El mas joven de ellos, de 24 a\u00f1os de edad,  es trasladado por la ambulancia del SAME con heridas cortantes por arma blanca, el otro sujeto resulto detenido por la agresi\u00f3n y resistencia a la autoridad.<\/p>\n\n\n\n<figure class=\"wp-block-video\"><video height=\"352\" style=\"aspect-ratio: 640 \/ 352;\" width=\"640\" controls src=\"https:\/\/eldiariodesanpedro.com.ar\/sitio\/wp-content\/uploads\/2019\/11\/WhatsApp-Video-2019-11-06-at-8.32.03-AM.mp4\"><\/video><figcaption>WhatsApp-Video-2019-11-06-at-8.32.03-AM<\/figcaption><\/figure>\n\n\n\n<p>Toma intervenci\u00f3n en la causa en fiscal Marcelo Manso titutal de la UFI 5. <\/p>\n","protected":false},"excerpt":{"rendered":"<p>Sucedi\u00f3 por la noche de este martes, un conflicto aparentemente familiar y entre vecinos termino con dos personas heridas con arma blanca. Entre tres o cuatro m\u00f3viles policiales acudieron a un llamado de urgencia al barrio San Jose, donde sobre calle Cucit al 800 era un verdadero desmadre. Seg\u00fan testimonios de vecinos todo habr\u00eda ocurrido [&hellip;]<\/p>\n","protected":false},"author":4,"featured_media":63550,"comment_status":"open","ping_status":"closed","sticky":false,"template":"","format":"standard","meta":{"om_disable_all_campaigns":false,"_jetpack_memberships_contains_paid_content":false,"footnotes":""},"categories":[50,2,103],"tags":[],"class_list":["post-63530","post","type-post","status-publish","format-standard","has-post-thumbnail","hentry","category-destacadas","category-locales","category-policiales-locales"],"aioseo_notices":[],"gutentor_comment":0,"jetpack_featured_media_url":"https:\/\/eldiariodesanpedro.com.ar\/sitio\/wp-content\/uploads\/2019\/11\/1.png","jetpack_shortlink":"https:\/\/wp.me\/p6RhLt-gwG","jetpack_sharing_enabled":true,"_links":{"self":[{"href":"https:\/\/eldiariodesanpedro.com.ar\/sitio\/wp-json\/wp\/v2\/posts\/63530","targetHints":{"allow":["GET"]}}],"collection":[{"href":"https:\/\/eldiariodesanpedro.com.ar\/sitio\/wp-json\/wp\/v2\/posts"}],"about":[{"href":"https:\/\/eldiariodesanpedro.com.ar\/sitio\/wp-json\/wp\/v2\/types\/post"}],"author":[{"embeddable":true,"href":"https:\/\/eldiariodesanpedro.com.ar\/sitio\/wp-json\/wp\/v2\/users\/4"}],"replies":[{"embeddable":true,"href":"https:\/\/eldiariodesanpedro.com.ar\/sitio\/wp-json\/wp\/v2\/comments?post=63530"}],"version-history":[{"count":2,"href":"https:\/\/eldiariodesanpedro.com.ar\/sitio\/wp-json\/wp\/v2\/posts\/63530\/revisions"}],"predecessor-version":[{"id":63554,"href":"https:\/\/eldiariodesanpedro.com.ar\/sitio\/wp-json\/wp\/v2\/posts\/63530\/revisions\/63554"}],"wp:featuredmedia":[{"embeddable":true,"href":"https:\/\/eldiariodesanpedro.com.ar\/sitio\/wp-json\/wp\/v2\/media\/63550"}],"wp:attachment":[{"href":"https:\/\/eldiariodesanpedro.com.ar\/sitio\/wp-json\/wp\/v2\/media?parent=63530"}],"wp:term":[{"taxonomy":"category","embeddable":true,"href":"https:\/\/eldiariodesanpedro.com.ar\/sitio\/wp-json\/wp\/v2\/categories?post=63530"},{"taxonomy":"post_tag","embeddable":true,"href":"https:\/\/eldiariodesanpedro.com.ar\/sitio\/wp-json\/wp\/v2\/tags?post=63530"}],"curies":[{"name":"wp","href":"https:\/\/api.w.org\/{rel}","templated":true}]}}