{"id":6353,"date":"2016-07-25T19:08:34","date_gmt":"2016-07-25T22:08:34","guid":{"rendered":"https:\/\/eldiariodesanpedro.com.ar\/sitio\/?p=6353"},"modified":"2016-07-25T19:08:34","modified_gmt":"2016-07-25T22:08:34","slug":"salazar-se-reunio-con-referentes-barriales","status":"publish","type":"post","link":"https:\/\/eldiariodesanpedro.com.ar\/sitio\/salazar-se-reunio-con-referentes-barriales\/","title":{"rendered":"Salazar se reuni\u00f3 con referentes barriales"},"content":{"rendered":"<p><!-- VideographyWP Plugin Message: Automatic video embedding prevented by plugin options. --><br \/>\nEl encuentro, encabezado por el mandatario comunal, que cont\u00f3 con la presencia de distintos vecinos de la ciudad, fue llevado a cabo el d\u00eda s\u00e1bado en el local de la Federaci\u00f3n Mar\u00edtima Portuaria y de la Industria Naval de la Rep\u00fablica Argentina (FEMPINRA), localizada en Belgrano 640.<br \/>\nEn ese sentido, Salazar explic\u00f3 los motivos del evento: \u201cFue una reuni\u00f3n con referentes de distintos barrios. La organiz\u00f3 y me invit\u00f3 el presidente de la Juventud FE, Fernando Negrete\u201d.<br \/>\nAl tiempo, asever\u00f3 que desde el partido pol\u00edtico \u201cquieren organizar en varios barrios tareas comunitarias y tratar de que en los distintos barrios la gente se involucre para mejorar los mismos\u201d.  Y explic\u00f3 seguidamente: \u201cEn el barrio San Jos\u00e9 ya est\u00e1 arreglando la plazita de la zona\u201d.<br \/>\nEl jefe comunal asimismo manifest\u00f3: \u201cAprovech\u00e9 para contarles la idea que tengo de una futura urbanizaci\u00f3n de esos barrios y que quiero que ellos participen e impulsen ese proyecto\u201d.<\/p>\n","protected":false},"excerpt":{"rendered":"<p>El encuentro, encabezado por el mandatario comunal, que cont\u00f3 con la presencia de distintos vecinos de la ciudad, fue llevado a cabo el d\u00eda s\u00e1bado en el local de la Federaci\u00f3n Mar\u00edtima Portuaria y de la Industria Naval de la Rep\u00fablica Argentina (FEMPINRA), localizada en Belgrano 640. En ese sentido, Salazar explic\u00f3 los motivos del [&hellip;]<\/p>\n","protected":false},"author":4,"featured_media":6354,"comment_status":"open","ping_status":"closed","sticky":false,"template":"","format":"standard","meta":{"om_disable_all_campaigns":false,"_jetpack_memberships_contains_paid_content":false,"footnotes":""},"categories":[50,2,102],"tags":[],"class_list":["post-6353","post","type-post","status-publish","format-standard","has-post-thumbnail","hentry","category-destacadas","category-locales","category-politica-locales"],"aioseo_notices":[],"gutentor_comment":0,"jetpack_featured_media_url":"https:\/\/eldiariodesanpedro.com.ar\/sitio\/wp-content\/uploads\/2016\/07\/PAGINA-3-11.jpg","jetpack_shortlink":"https:\/\/wp.me\/p6RhLt-1Et","jetpack_sharing_enabled":true,"_links":{"self":[{"href":"https:\/\/eldiariodesanpedro.com.ar\/sitio\/wp-json\/wp\/v2\/posts\/6353","targetHints":{"allow":["GET"]}}],"collection":[{"href":"https:\/\/eldiariodesanpedro.com.ar\/sitio\/wp-json\/wp\/v2\/posts"}],"about":[{"href":"https:\/\/eldiariodesanpedro.com.ar\/sitio\/wp-json\/wp\/v2\/types\/post"}],"author":[{"embeddable":true,"href":"https:\/\/eldiariodesanpedro.com.ar\/sitio\/wp-json\/wp\/v2\/users\/4"}],"replies":[{"embeddable":true,"href":"https:\/\/eldiariodesanpedro.com.ar\/sitio\/wp-json\/wp\/v2\/comments?post=6353"}],"version-history":[{"count":1,"href":"https:\/\/eldiariodesanpedro.com.ar\/sitio\/wp-json\/wp\/v2\/posts\/6353\/revisions"}],"predecessor-version":[{"id":6355,"href":"https:\/\/eldiariodesanpedro.com.ar\/sitio\/wp-json\/wp\/v2\/posts\/6353\/revisions\/6355"}],"wp:featuredmedia":[{"embeddable":true,"href":"https:\/\/eldiariodesanpedro.com.ar\/sitio\/wp-json\/wp\/v2\/media\/6354"}],"wp:attachment":[{"href":"https:\/\/eldiariodesanpedro.com.ar\/sitio\/wp-json\/wp\/v2\/media?parent=6353"}],"wp:term":[{"taxonomy":"category","embeddable":true,"href":"https:\/\/eldiariodesanpedro.com.ar\/sitio\/wp-json\/wp\/v2\/categories?post=6353"},{"taxonomy":"post_tag","embeddable":true,"href":"https:\/\/eldiariodesanpedro.com.ar\/sitio\/wp-json\/wp\/v2\/tags?post=6353"}],"curies":[{"name":"wp","href":"https:\/\/api.w.org\/{rel}","templated":true}]}}