{"id":63529,"date":"2019-11-06T10:01:37","date_gmt":"2019-11-06T13:01:37","guid":{"rendered":"https:\/\/eldiariodesanpedro.com.ar\/sitio\/?p=63529"},"modified":"2019-11-06T10:01:41","modified_gmt":"2019-11-06T13:01:41","slug":"baradero-disturbios-en-el-honorable-concejo-deliberante-intervino-la-policia","status":"publish","type":"post","link":"https:\/\/eldiariodesanpedro.com.ar\/sitio\/baradero-disturbios-en-el-honorable-concejo-deliberante-intervino-la-policia\/","title":{"rendered":"BARADERO | Disturbios en el Honorable Concejo Deliberante intervino la Polic\u00eda"},"content":{"rendered":"<!-- VideographyWP Plugin Message: Automatic video embedding prevented by plugin options. -->\n\n<p>Dialogamos con el Concejal Carlos olmos quien se encontraba en el d\u00eda de ayer en el HCD y fue part\u00edcipe de las discrepancias emitidas por la asociaci\u00f3n de &nbsp;cartoneros, quienes prohibieron la salida de los funcionarios.<\/p>\n\n\n\n<p>\u201cVivimos un momento feo, y creemos que las cosas as\u00ed no se hablan ni menos se solucionan, tuvimos que pedir ayuda de la fuerza policial.\u201d \u201cLas cosas por la fuerza no llevan a nada\u201d.<\/p>\n\n\n\n<p>\u201cEllos tienen un pedido que es para usar el galp\u00f3n chango bitar para reciclar y guardar lo recolectado\u201d.<\/p>\n\n\n\n<p>\u201cNosotros creemos que esa decisi\u00f3n ya la tienen que tomar el nuevo gobierno \u00f3sea luego del 10 de diciembre. Y eso fue lo que los enfureci\u00f3 porque no desean esperar m\u00e1s\u201d.<\/p>\n\n\n\n<p>Fuente: Tiempo Noticias<\/p>\n","protected":false},"excerpt":{"rendered":"<p>Dialogamos con el Concejal Carlos olmos quien se encontraba en el d\u00eda de ayer en el HCD y fue part\u00edcipe de las discrepancias emitidas por la asociaci\u00f3n de &nbsp;cartoneros, quienes prohibieron la salida de los funcionarios. \u201cVivimos un momento feo, y creemos que las cosas as\u00ed no se hablan ni menos se solucionan, tuvimos que [&hellip;]<\/p>\n","protected":false},"author":4,"featured_media":63531,"comment_status":"open","ping_status":"closed","sticky":false,"template":"","format":"standard","meta":{"om_disable_all_campaigns":false,"_jetpack_memberships_contains_paid_content":false,"footnotes":""},"categories":[621],"tags":[],"class_list":["post-63529","post","type-post","status-publish","format-standard","has-post-thumbnail","hentry","category-regionales"],"aioseo_notices":[],"gutentor_comment":0,"jetpack_featured_media_url":"https:\/\/eldiariodesanpedro.com.ar\/sitio\/wp-content\/uploads\/2019\/11\/29792053_2476196509271378_6625396756620207004_n.jpg","jetpack_shortlink":"https:\/\/wp.me\/p6RhLt-gwF","jetpack_sharing_enabled":true,"_links":{"self":[{"href":"https:\/\/eldiariodesanpedro.com.ar\/sitio\/wp-json\/wp\/v2\/posts\/63529","targetHints":{"allow":["GET"]}}],"collection":[{"href":"https:\/\/eldiariodesanpedro.com.ar\/sitio\/wp-json\/wp\/v2\/posts"}],"about":[{"href":"https:\/\/eldiariodesanpedro.com.ar\/sitio\/wp-json\/wp\/v2\/types\/post"}],"author":[{"embeddable":true,"href":"https:\/\/eldiariodesanpedro.com.ar\/sitio\/wp-json\/wp\/v2\/users\/4"}],"replies":[{"embeddable":true,"href":"https:\/\/eldiariodesanpedro.com.ar\/sitio\/wp-json\/wp\/v2\/comments?post=63529"}],"version-history":[{"count":1,"href":"https:\/\/eldiariodesanpedro.com.ar\/sitio\/wp-json\/wp\/v2\/posts\/63529\/revisions"}],"predecessor-version":[{"id":63532,"href":"https:\/\/eldiariodesanpedro.com.ar\/sitio\/wp-json\/wp\/v2\/posts\/63529\/revisions\/63532"}],"wp:featuredmedia":[{"embeddable":true,"href":"https:\/\/eldiariodesanpedro.com.ar\/sitio\/wp-json\/wp\/v2\/media\/63531"}],"wp:attachment":[{"href":"https:\/\/eldiariodesanpedro.com.ar\/sitio\/wp-json\/wp\/v2\/media?parent=63529"}],"wp:term":[{"taxonomy":"category","embeddable":true,"href":"https:\/\/eldiariodesanpedro.com.ar\/sitio\/wp-json\/wp\/v2\/categories?post=63529"},{"taxonomy":"post_tag","embeddable":true,"href":"https:\/\/eldiariodesanpedro.com.ar\/sitio\/wp-json\/wp\/v2\/tags?post=63529"}],"curies":[{"name":"wp","href":"https:\/\/api.w.org\/{rel}","templated":true}]}}