{"id":63526,"date":"2019-11-06T10:00:12","date_gmt":"2019-11-06T13:00:12","guid":{"rendered":"https:\/\/eldiariodesanpedro.com.ar\/sitio\/?p=63526"},"modified":"2019-11-06T10:00:17","modified_gmt":"2019-11-06T13:00:17","slug":"campana-preocupa-la-aparicion-de-peces-muertos-en-aguas-del-rio-lujan","status":"publish","type":"post","link":"https:\/\/eldiariodesanpedro.com.ar\/sitio\/campana-preocupa-la-aparicion-de-peces-muertos-en-aguas-del-rio-lujan\/","title":{"rendered":"CAMPANA | Preocupa la aparici\u00f3n de peces muertos en aguas del R\u00edo Luj\u00e1n"},"content":{"rendered":"<!-- VideographyWP Plugin Message: Automatic video embedding prevented by plugin options. -->\n\n<p> Decenas de animales fueron hallados por lugare\u00f1os en las inmediaciones del camping, y tambi\u00e9n r\u00edo arriba. Aseguran que la situaci\u00f3n se repite cuando llueve, y lo vinculan a irregularidades con residuos del Parque Industrial de Pilar.<\/p>\n\n\n\n<p>\n\n\u201cEsto pasa cada vez que llueve, y cuando del Parque Industrial de Pilar tiran desechos t\u00f3xicos\u201d asegura Julieta, quien con frecuencia visita la zona del ex camping en R\u00edo Luj\u00e1n, y donde hall\u00f3 una importante cantidad de peces muertos, en horas del mediod\u00eda.<\/p>\n\n\n\n<p>Los animales muertos continuaban r\u00edo arriba. Boguitas, bagres, algunas anguilas, se convirtieron en comida de varios cangrejos que los acechaban, inm\u00f3viles. Seg\u00fan estima nuestra lectora, \u201cel problema est\u00e1 en el agua\u201d.<\/p>\n\n\n\n<p>Por el momento, no habr\u00eda denuncias al respecto en el \u00e1rea de Medioambiente municipal. Y seg\u00fan nuestra fuente, el problema viene de aguas arriba, donde en varias oportunidades trascendieron irregularidades en alguna de las empresas que integran el Parque Industrial de Pilar.<\/p>\n\n\n\n<p>En este sentido, en Abril de este a\u00f1o la ambientalista Graciela Capodoglio, representante de la ONG Patrimonio Natural, junto a integrantes de la Reserva Natural de la vecina localidad, recorri\u00f3 el R\u00edo Luj\u00e1n por la zona industrial mencionada, tras otra aparici\u00f3n de peces muertos. \u201cTomamos la canoa y vamos aguas arriba, donde el rio se va poniendo cada vez m\u00e1s lechoso, m\u00e1s nauseabundo y con m\u00e1s densidad, una cosa desagradable. Cuando se llega al Parque Industrial se ve que del desag\u00fce est\u00e1 saliendo cualquier cosa. Se avanza 10 metros y antes de llegar al puente del Petrel el r\u00edo est\u00e1 bien otra vez\u201d, relat\u00f3 en di\u00e1logo con el Diario Resumen.<\/p>\n\n\n\n<p>Entre los distintos incidentes similares, aparece el de Enero de 2015, donde al menos 10.000 peces fueron hallados muertos en Pilar, tras una aparente contaminaci\u00f3n originada por una firma papelera de la zona.<\/p>\n\n\n\n<p>Volviendo a Campana, en el lugar donde ya resultaba prohibitivo para ba\u00f1istas (debido a la gran cantidad de muertes ocurridas en las peligrosas aguas de ex recreo), tampoco ser\u00eda aconsejable para la pesca, y mucho menos si se realiza con intenciones de consumir lo obtenido del r\u00edo. <\/p>\n\n\n\n<p>Fuente: Campana Noticias<\/p>\n","protected":false},"excerpt":{"rendered":"<p>Decenas de animales fueron hallados por lugare\u00f1os en las inmediaciones del camping, y tambi\u00e9n r\u00edo arriba. Aseguran que la situaci\u00f3n se repite cuando llueve, y lo vinculan a irregularidades con residuos del Parque Industrial de Pilar. \u201cEsto pasa cada vez que llueve, y cuando del Parque Industrial de Pilar tiran desechos t\u00f3xicos\u201d asegura Julieta, quien [&hellip;]<\/p>\n","protected":false},"author":4,"featured_media":63527,"comment_status":"open","ping_status":"closed","sticky":false,"template":"","format":"standard","meta":{"om_disable_all_campaigns":false,"_jetpack_memberships_contains_paid_content":false,"footnotes":""},"categories":[621],"tags":[],"class_list":["post-63526","post","type-post","status-publish","format-standard","has-post-thumbnail","hentry","category-regionales"],"aioseo_notices":[],"gutentor_comment":0,"jetpack_featured_media_url":"https:\/\/eldiariodesanpedro.com.ar\/sitio\/wp-content\/uploads\/2019\/11\/20191105091916.jpg","jetpack_shortlink":"https:\/\/wp.me\/p6RhLt-gwC","jetpack_sharing_enabled":true,"_links":{"self":[{"href":"https:\/\/eldiariodesanpedro.com.ar\/sitio\/wp-json\/wp\/v2\/posts\/63526","targetHints":{"allow":["GET"]}}],"collection":[{"href":"https:\/\/eldiariodesanpedro.com.ar\/sitio\/wp-json\/wp\/v2\/posts"}],"about":[{"href":"https:\/\/eldiariodesanpedro.com.ar\/sitio\/wp-json\/wp\/v2\/types\/post"}],"author":[{"embeddable":true,"href":"https:\/\/eldiariodesanpedro.com.ar\/sitio\/wp-json\/wp\/v2\/users\/4"}],"replies":[{"embeddable":true,"href":"https:\/\/eldiariodesanpedro.com.ar\/sitio\/wp-json\/wp\/v2\/comments?post=63526"}],"version-history":[{"count":1,"href":"https:\/\/eldiariodesanpedro.com.ar\/sitio\/wp-json\/wp\/v2\/posts\/63526\/revisions"}],"predecessor-version":[{"id":63528,"href":"https:\/\/eldiariodesanpedro.com.ar\/sitio\/wp-json\/wp\/v2\/posts\/63526\/revisions\/63528"}],"wp:featuredmedia":[{"embeddable":true,"href":"https:\/\/eldiariodesanpedro.com.ar\/sitio\/wp-json\/wp\/v2\/media\/63527"}],"wp:attachment":[{"href":"https:\/\/eldiariodesanpedro.com.ar\/sitio\/wp-json\/wp\/v2\/media?parent=63526"}],"wp:term":[{"taxonomy":"category","embeddable":true,"href":"https:\/\/eldiariodesanpedro.com.ar\/sitio\/wp-json\/wp\/v2\/categories?post=63526"},{"taxonomy":"post_tag","embeddable":true,"href":"https:\/\/eldiariodesanpedro.com.ar\/sitio\/wp-json\/wp\/v2\/tags?post=63526"}],"curies":[{"name":"wp","href":"https:\/\/api.w.org\/{rel}","templated":true}]}}