{"id":63523,"date":"2019-11-06T09:58:10","date_gmt":"2019-11-06T12:58:10","guid":{"rendered":"https:\/\/eldiariodesanpedro.com.ar\/sitio\/?p=63523"},"modified":"2019-11-06T09:58:14","modified_gmt":"2019-11-06T12:58:14","slug":"san-nicolas-prefectura-aprehendio-a-sujetos-que-intentaban-robar-cables","status":"publish","type":"post","link":"https:\/\/eldiariodesanpedro.com.ar\/sitio\/san-nicolas-prefectura-aprehendio-a-sujetos-que-intentaban-robar-cables\/","title":{"rendered":"SAN NICOL\u00c1S | Prefectura aprehendi\u00f3 a sujetos que intentaban robar cables"},"content":{"rendered":"<!-- VideographyWP Plugin Message: Automatic video embedding prevented by plugin options. -->\n\n<p>Alrededor de las 20:45 horas, personal de Prefectura San Nicol\u00e1s realizaba una recorrida en una patrulla terrestre en zona ribere\u00f1a del arroyo Ramallo en el lugar denominada \u201cel basural\u201d cuando divisan a dos individuos saltando el muro perimetral de la\u00a0\u201cCentral T\u00e9rmica AES\u201d.<\/p>\n\n\n\n<p>Los sujetos, dos hombres mayores de edad, de 22 y 27 a\u00f1os, fueron identificados y aprehendidos.<\/p>\n\n\n\n<p>Las c\u00e1maras de vigilancias de la empresa registraron los instantes previos donde ambos sujetos trataban de sustraer cables\u00a0del predio.<\/p>\n\n\n\n<p>Se efectu\u00f3 una comunicaci\u00f3n con la Instructora Judicial, Dr. Mar\u00eda Alejandra Garc\u00eda, de la Fiscal\u00eda N\u00b04 de San Nicol\u00e1s, quien orden\u00f3 instruir Actuaciones Judiciales por \u00abTentativa de Hurto Calificado Por Escalamiento\u00bb .<\/p>\n\n\n\n<p>Fuente: Diario El Informante<br><\/p>\n","protected":false},"excerpt":{"rendered":"<p>Alrededor de las 20:45 horas, personal de Prefectura San Nicol\u00e1s realizaba una recorrida en una patrulla terrestre en zona ribere\u00f1a del arroyo Ramallo en el lugar denominada \u201cel basural\u201d cuando divisan a dos individuos saltando el muro perimetral de la\u00a0\u201cCentral T\u00e9rmica AES\u201d. Los sujetos, dos hombres mayores de edad, de 22 y 27 a\u00f1os, fueron [&hellip;]<\/p>\n","protected":false},"author":4,"featured_media":63524,"comment_status":"open","ping_status":"closed","sticky":false,"template":"","format":"standard","meta":{"om_disable_all_campaigns":false,"_jetpack_memberships_contains_paid_content":false,"footnotes":""},"categories":[621],"tags":[],"class_list":["post-63523","post","type-post","status-publish","format-standard","has-post-thumbnail","hentry","category-regionales"],"aioseo_notices":[],"gutentor_comment":0,"jetpack_featured_media_url":"https:\/\/eldiariodesanpedro.com.ar\/sitio\/wp-content\/uploads\/2019\/11\/conmarca23068.jpg","jetpack_shortlink":"https:\/\/wp.me\/p6RhLt-gwz","jetpack_sharing_enabled":true,"_links":{"self":[{"href":"https:\/\/eldiariodesanpedro.com.ar\/sitio\/wp-json\/wp\/v2\/posts\/63523","targetHints":{"allow":["GET"]}}],"collection":[{"href":"https:\/\/eldiariodesanpedro.com.ar\/sitio\/wp-json\/wp\/v2\/posts"}],"about":[{"href":"https:\/\/eldiariodesanpedro.com.ar\/sitio\/wp-json\/wp\/v2\/types\/post"}],"author":[{"embeddable":true,"href":"https:\/\/eldiariodesanpedro.com.ar\/sitio\/wp-json\/wp\/v2\/users\/4"}],"replies":[{"embeddable":true,"href":"https:\/\/eldiariodesanpedro.com.ar\/sitio\/wp-json\/wp\/v2\/comments?post=63523"}],"version-history":[{"count":1,"href":"https:\/\/eldiariodesanpedro.com.ar\/sitio\/wp-json\/wp\/v2\/posts\/63523\/revisions"}],"predecessor-version":[{"id":63525,"href":"https:\/\/eldiariodesanpedro.com.ar\/sitio\/wp-json\/wp\/v2\/posts\/63523\/revisions\/63525"}],"wp:featuredmedia":[{"embeddable":true,"href":"https:\/\/eldiariodesanpedro.com.ar\/sitio\/wp-json\/wp\/v2\/media\/63524"}],"wp:attachment":[{"href":"https:\/\/eldiariodesanpedro.com.ar\/sitio\/wp-json\/wp\/v2\/media?parent=63523"}],"wp:term":[{"taxonomy":"category","embeddable":true,"href":"https:\/\/eldiariodesanpedro.com.ar\/sitio\/wp-json\/wp\/v2\/categories?post=63523"},{"taxonomy":"post_tag","embeddable":true,"href":"https:\/\/eldiariodesanpedro.com.ar\/sitio\/wp-json\/wp\/v2\/tags?post=63523"}],"curies":[{"name":"wp","href":"https:\/\/api.w.org\/{rel}","templated":true}]}}