{"id":63519,"date":"2019-11-06T09:54:53","date_gmt":"2019-11-06T12:54:53","guid":{"rendered":"https:\/\/eldiariodesanpedro.com.ar\/sitio\/?p=63519"},"modified":"2019-11-06T09:54:57","modified_gmt":"2019-11-06T12:54:57","slug":"escobar-auto-de-alta-gama-protagonizo-accidente-en-la-panamericana","status":"publish","type":"post","link":"https:\/\/eldiariodesanpedro.com.ar\/sitio\/escobar-auto-de-alta-gama-protagonizo-accidente-en-la-panamericana\/","title":{"rendered":"ESCOBAR | Auto de alta gama protagoniz\u00f3 accidente en la Panamericana"},"content":{"rendered":"<!-- VideographyWP Plugin Message: Automatic video embedding prevented by plugin options. -->\n\n<p>\n\nUn auto de alta gama se incrust\u00f3 en la parte trasera de un cami\u00f3n en la ruta Panamericana. Su conductor solo recibi\u00f3 heridas leves.<\/p>\n\n\n\n<p>Un impresionante accidente ocurri\u00f3 esta ma\u00f1ana en el kil\u00f3metro 68 de la autopista Panamericana, mano a Capital, cuando un auto blanco marca BMW realiz\u00f3 una mala maniobra y termin\u00f3 incrust\u00e1ndose en la parte trasera de un cami\u00f3n Mercedes Benz 1720.<\/p>\n\n\n\n<p>A pesar del fuerte impacto, el conductor del auto de alta gama solo result\u00f3 con heridas leves. El veh\u00edculo sufri\u00f3 da\u00f1os de consideraci\u00f3n en la parte frontal.<\/p>\n\n\n\n<p>Trabajaron en el lugar el Comando de Patrullas y personal de Autopistas del Sol.\u00a0<\/p>\n\n\n\n<p>Fuente: Noticias de Escobar<\/p>\n","protected":false},"excerpt":{"rendered":"<p>Un auto de alta gama se incrust\u00f3 en la parte trasera de un cami\u00f3n en la ruta Panamericana. Su conductor solo recibi\u00f3 heridas leves. Un impresionante accidente ocurri\u00f3 esta ma\u00f1ana en el kil\u00f3metro 68 de la autopista Panamericana, mano a Capital, cuando un auto blanco marca BMW realiz\u00f3 una mala maniobra y termin\u00f3 incrust\u00e1ndose en [&hellip;]<\/p>\n","protected":false},"author":4,"featured_media":63521,"comment_status":"open","ping_status":"closed","sticky":false,"template":"","format":"standard","meta":{"om_disable_all_campaigns":false,"_jetpack_memberships_contains_paid_content":false,"footnotes":""},"categories":[621],"tags":[],"class_list":["post-63519","post","type-post","status-publish","format-standard","has-post-thumbnail","hentry","category-regionales"],"aioseo_notices":[],"gutentor_comment":0,"jetpack_featured_media_url":"https:\/\/eldiariodesanpedro.com.ar\/sitio\/wp-content\/uploads\/2019\/11\/choque-bmw-768x432.jpg","jetpack_shortlink":"https:\/\/wp.me\/p6RhLt-gwv","jetpack_sharing_enabled":true,"_links":{"self":[{"href":"https:\/\/eldiariodesanpedro.com.ar\/sitio\/wp-json\/wp\/v2\/posts\/63519","targetHints":{"allow":["GET"]}}],"collection":[{"href":"https:\/\/eldiariodesanpedro.com.ar\/sitio\/wp-json\/wp\/v2\/posts"}],"about":[{"href":"https:\/\/eldiariodesanpedro.com.ar\/sitio\/wp-json\/wp\/v2\/types\/post"}],"author":[{"embeddable":true,"href":"https:\/\/eldiariodesanpedro.com.ar\/sitio\/wp-json\/wp\/v2\/users\/4"}],"replies":[{"embeddable":true,"href":"https:\/\/eldiariodesanpedro.com.ar\/sitio\/wp-json\/wp\/v2\/comments?post=63519"}],"version-history":[{"count":1,"href":"https:\/\/eldiariodesanpedro.com.ar\/sitio\/wp-json\/wp\/v2\/posts\/63519\/revisions"}],"predecessor-version":[{"id":63522,"href":"https:\/\/eldiariodesanpedro.com.ar\/sitio\/wp-json\/wp\/v2\/posts\/63519\/revisions\/63522"}],"wp:featuredmedia":[{"embeddable":true,"href":"https:\/\/eldiariodesanpedro.com.ar\/sitio\/wp-json\/wp\/v2\/media\/63521"}],"wp:attachment":[{"href":"https:\/\/eldiariodesanpedro.com.ar\/sitio\/wp-json\/wp\/v2\/media?parent=63519"}],"wp:term":[{"taxonomy":"category","embeddable":true,"href":"https:\/\/eldiariodesanpedro.com.ar\/sitio\/wp-json\/wp\/v2\/categories?post=63519"},{"taxonomy":"post_tag","embeddable":true,"href":"https:\/\/eldiariodesanpedro.com.ar\/sitio\/wp-json\/wp\/v2\/tags?post=63519"}],"curies":[{"name":"wp","href":"https:\/\/api.w.org\/{rel}","templated":true}]}}