{"id":63510,"date":"2019-11-06T09:25:18","date_gmt":"2019-11-06T12:25:18","guid":{"rendered":"https:\/\/eldiariodesanpedro.com.ar\/sitio\/?p=63510"},"modified":"2019-11-06T09:25:22","modified_gmt":"2019-11-06T12:25:22","slug":"control-transito-un-inspector-fue-atropellado-por-un-motociclista","status":"publish","type":"post","link":"https:\/\/eldiariodesanpedro.com.ar\/sitio\/control-transito-un-inspector-fue-atropellado-por-un-motociclista\/","title":{"rendered":"Control Tr\u00e1nsito: Un inspector fue atropellado por un motociclista"},"content":{"rendered":"<!-- VideographyWP Plugin Message: Automatic video embedding prevented by plugin options. -->\n\n<p>Sucedi\u00f3 por la tarde noche de este martes momentos en que se realizaba un operativo de control vehicular, el agente se encontraba controlando a un masculino con su rodado, cuando el mismo escapa impact\u00e1ndole en una de sus piernas y colisionando con otra motocicleta del personal policial, hasta darse a la fuga.<\/p>\n\n\n\n<p>A trav\u00e9s de la Direcci\u00f3n de Inspecci\u00f3n General, a cargo del Director \u00c1ngel Burgos, se est\u00e1n llevando a cabo controles de tr\u00e1nsito en toda la ciudad, medidas destinadas a generar un mejor ordenamiento del tr\u00e1nsito vehicular, as\u00ed como tambi\u00e9n a disminuir el alto \u00edndice de accidentes.<\/p>\n\n\n\n<p>Este martes se realizo en intersecci\u00f3n de las calles 25 de Mayo y \u00a0G\u00fcemes con un resultado de 20 motos retenidas por falta de Casco protector obligatorio y falta de documentaci\u00f3n. <\/p>\n\n\n\n<p> Un autom\u00f3vil Fiat 147 retenido por falta de licencia de conducir y seguro Obligatorio.<\/p>\n\n\n\n<p> Un cami\u00f3n retenido por no poseer lona reglamentaria transportando carga vol\u00e1til \u00bb arena \u00bb  donde el chofer se torna agresivo y profiere amenazas al personal hasta que logra calmarse.<\/p>\n\n\n\n<p>Pero los resultados no fueron solo secuestros, en el medio del operativo ocurri\u00f3 un hecho lamentable con un agente.<\/p>\n\n\n\n<p>Dialogamos con el Director Burgos y nos cont\u00f3 los detalles de esta triste situaci\u00f3n, \u00abla verdad que son momentos desesperantes que uno vive cuando pasan estas cosas, ese temor que a uno o a los chicos los lastimen siempre esta, pero bueno hay que seguir y yo cuando pasamos por estas situaciones trato de estar y acompa\u00f1ar lo que mas puedo al personal porque uno tiende a bajar los brazos\u00bb<\/p>\n\n\n\n<p>\u00abEl agente detuvo una motocicleta, luego de dies minutos que se encontraba registrando el documento y los papeles, el conductor acelera sorpresivamente llev\u00e1ndose por delante a quien lo estaba registrando, impactando en una de sus piernas, casi pas\u00e1ndolo por arriba en un decir, choca ademas es espejo retrovisor de una de las motos del personal policial y se da a la fuga\u00bb<\/p>\n\n\n\n<p>\u00abLa documentaci\u00f3n de este masculino qued\u00f3 retenida, sabemos qui\u00e9n es, la justicia tendr\u00e1 que actuar ahora, y el inspector fue asistido en la guardia del nosocomio local con una lesi\u00f3n leve por suerte en su pierna\u00bb.<\/p>\n\n\n\n<p>En cuanto a las exigencias b\u00e1sicas, es sabido (aunque no cumplido y sistem\u00e1ticamente ignorado) que se debe transitar con Licencia de Conducir habilitada, C\u00e9dula Verde del veh\u00edculo y Seguro Obligatorio en vigencia. <\/p>\n\n\n\n<p>Adem\u00e1s, se exige respetar las siguientes normas b\u00e1sicas: no conducir en estado de ebriedad, no producir ruidos molestos, no estacionar en doble fila o en zonas prohibidas, no circular a mayor velocidad de lo permitido y no transitar en contramano. A los motociclistas se les recomienda el uso de casco.<\/p>\n","protected":false},"excerpt":{"rendered":"<p>Sucedi\u00f3 por la tarde noche de este martes momentos en que se realizaba un operativo de control vehicular, el agente se encontraba controlando a un masculino con su rodado, cuando el mismo escapa impact\u00e1ndole en una de sus piernas y colisionando con otra motocicleta del personal policial, hasta darse a la fuga. A trav\u00e9s de [&hellip;]<\/p>\n","protected":false},"author":4,"featured_media":63127,"comment_status":"open","ping_status":"closed","sticky":false,"template":"","format":"standard","meta":{"om_disable_all_campaigns":false,"_jetpack_memberships_contains_paid_content":false,"footnotes":""},"categories":[50,101,2],"tags":[],"class_list":["post-63510","post","type-post","status-publish","format-standard","has-post-thumbnail","hentry","category-destacadas","category-interes-general-locales","category-locales"],"aioseo_notices":[],"gutentor_comment":0,"jetpack_featured_media_url":"https:\/\/eldiariodesanpedro.com.ar\/sitio\/wp-content\/uploads\/2019\/10\/20191031_205727-e1573043006320.jpg","jetpack_shortlink":"https:\/\/wp.me\/p6RhLt-gwm","jetpack_sharing_enabled":true,"_links":{"self":[{"href":"https:\/\/eldiariodesanpedro.com.ar\/sitio\/wp-json\/wp\/v2\/posts\/63510","targetHints":{"allow":["GET"]}}],"collection":[{"href":"https:\/\/eldiariodesanpedro.com.ar\/sitio\/wp-json\/wp\/v2\/posts"}],"about":[{"href":"https:\/\/eldiariodesanpedro.com.ar\/sitio\/wp-json\/wp\/v2\/types\/post"}],"author":[{"embeddable":true,"href":"https:\/\/eldiariodesanpedro.com.ar\/sitio\/wp-json\/wp\/v2\/users\/4"}],"replies":[{"embeddable":true,"href":"https:\/\/eldiariodesanpedro.com.ar\/sitio\/wp-json\/wp\/v2\/comments?post=63510"}],"version-history":[{"count":1,"href":"https:\/\/eldiariodesanpedro.com.ar\/sitio\/wp-json\/wp\/v2\/posts\/63510\/revisions"}],"predecessor-version":[{"id":63511,"href":"https:\/\/eldiariodesanpedro.com.ar\/sitio\/wp-json\/wp\/v2\/posts\/63510\/revisions\/63511"}],"wp:featuredmedia":[{"embeddable":true,"href":"https:\/\/eldiariodesanpedro.com.ar\/sitio\/wp-json\/wp\/v2\/media\/63127"}],"wp:attachment":[{"href":"https:\/\/eldiariodesanpedro.com.ar\/sitio\/wp-json\/wp\/v2\/media?parent=63510"}],"wp:term":[{"taxonomy":"category","embeddable":true,"href":"https:\/\/eldiariodesanpedro.com.ar\/sitio\/wp-json\/wp\/v2\/categories?post=63510"},{"taxonomy":"post_tag","embeddable":true,"href":"https:\/\/eldiariodesanpedro.com.ar\/sitio\/wp-json\/wp\/v2\/tags?post=63510"}],"curies":[{"name":"wp","href":"https:\/\/api.w.org\/{rel}","templated":true}]}}