{"id":63500,"date":"2019-11-05T18:42:14","date_gmt":"2019-11-05T21:42:14","guid":{"rendered":"https:\/\/eldiariodesanpedro.com.ar\/sitio\/?p=63500"},"modified":"2019-11-05T18:42:18","modified_gmt":"2019-11-05T21:42:18","slug":"jornada-local-por-dia-internacional-de-la-diabetes","status":"publish","type":"post","link":"https:\/\/eldiariodesanpedro.com.ar\/sitio\/jornada-local-por-dia-internacional-de-la-diabetes\/","title":{"rendered":"Jornada local por  D\u00eda Internacional de la Diabetes"},"content":{"rendered":"<!-- VideographyWP Plugin Message: Automatic video embedding prevented by plugin options. -->\n\n<p>La Secretar\u00eda de Salud de la Municipalidad de San Pedro informa que el pr\u00f3ximo jueves 14 de noviembre de 9 a 13, en el sal\u00f3n de la Sociedad Italiana (Mitre 861) y en coincidencia con el D\u00eda Internacional de Control y Prevenci\u00f3n de la Diabetes se reunir\u00e1n profesionales de diferentes especialidades para brindar a todos los mayores de 18 a\u00f1os, pacientes o interesados en el tema, informaci\u00f3n, atenci\u00f3n y orientaci\u00f3n.<br>La organizaci\u00f3n local Creando Conciencia que despliega durante el a\u00f1o talleres y charlas con profesionales del C\u00edrculo M\u00e9dico de San Pedro.<br>Un plantel interdisciplinario que contar\u00e1 con representantes de cl\u00ednica m\u00e9dica, nutrici\u00f3n, pod\u00f3logos y cardi\u00f3logos entre otros compartir\u00e1 informaci\u00f3n y efectuar\u00e1 las mediciones espec\u00edficas que sirven para determinar la presencia o el estado de la enfermedad.<br>La actividad ser\u00e1 libre y gratuita y se invita a todos los mayores de 18 a\u00f1os a concurrir.<br>Invitan Secretar\u00eda de Salud de la Municipalidad de San Pedro, Creando Conciencia y Asocaci\u00f3n C\u00edrculo M\u00e9dico.<\/p>\n","protected":false},"excerpt":{"rendered":"<p>La Secretar\u00eda de Salud de la Municipalidad de San Pedro informa que el pr\u00f3ximo jueves 14 de noviembre de 9 a 13, en el sal\u00f3n de la Sociedad Italiana (Mitre 861) y en coincidencia con el D\u00eda Internacional de Control y Prevenci\u00f3n de la Diabetes se reunir\u00e1n profesionales de diferentes especialidades para brindar a todos [&hellip;]<\/p>\n","protected":false},"author":4,"featured_media":63501,"comment_status":"open","ping_status":"closed","sticky":false,"template":"","format":"standard","meta":{"om_disable_all_campaigns":false,"_jetpack_memberships_contains_paid_content":false,"footnotes":""},"categories":[101,2],"tags":[],"class_list":["post-63500","post","type-post","status-publish","format-standard","has-post-thumbnail","hentry","category-interes-general-locales","category-locales"],"aioseo_notices":[],"gutentor_comment":0,"jetpack_featured_media_url":"https:\/\/eldiariodesanpedro.com.ar\/sitio\/wp-content\/uploads\/2019\/11\/jornada-de-diabetes.jpeg","jetpack_shortlink":"https:\/\/wp.me\/p6RhLt-gwc","jetpack_sharing_enabled":true,"_links":{"self":[{"href":"https:\/\/eldiariodesanpedro.com.ar\/sitio\/wp-json\/wp\/v2\/posts\/63500","targetHints":{"allow":["GET"]}}],"collection":[{"href":"https:\/\/eldiariodesanpedro.com.ar\/sitio\/wp-json\/wp\/v2\/posts"}],"about":[{"href":"https:\/\/eldiariodesanpedro.com.ar\/sitio\/wp-json\/wp\/v2\/types\/post"}],"author":[{"embeddable":true,"href":"https:\/\/eldiariodesanpedro.com.ar\/sitio\/wp-json\/wp\/v2\/users\/4"}],"replies":[{"embeddable":true,"href":"https:\/\/eldiariodesanpedro.com.ar\/sitio\/wp-json\/wp\/v2\/comments?post=63500"}],"version-history":[{"count":1,"href":"https:\/\/eldiariodesanpedro.com.ar\/sitio\/wp-json\/wp\/v2\/posts\/63500\/revisions"}],"predecessor-version":[{"id":63502,"href":"https:\/\/eldiariodesanpedro.com.ar\/sitio\/wp-json\/wp\/v2\/posts\/63500\/revisions\/63502"}],"wp:featuredmedia":[{"embeddable":true,"href":"https:\/\/eldiariodesanpedro.com.ar\/sitio\/wp-json\/wp\/v2\/media\/63501"}],"wp:attachment":[{"href":"https:\/\/eldiariodesanpedro.com.ar\/sitio\/wp-json\/wp\/v2\/media?parent=63500"}],"wp:term":[{"taxonomy":"category","embeddable":true,"href":"https:\/\/eldiariodesanpedro.com.ar\/sitio\/wp-json\/wp\/v2\/categories?post=63500"},{"taxonomy":"post_tag","embeddable":true,"href":"https:\/\/eldiariodesanpedro.com.ar\/sitio\/wp-json\/wp\/v2\/tags?post=63500"}],"curies":[{"name":"wp","href":"https:\/\/api.w.org\/{rel}","templated":true}]}}