{"id":6350,"date":"2016-07-25T19:06:22","date_gmt":"2016-07-25T22:06:22","guid":{"rendered":"https:\/\/eldiariodesanpedro.com.ar\/sitio\/?p=6350"},"modified":"2016-07-25T19:06:22","modified_gmt":"2016-07-25T22:06:22","slug":"san-pedro-y-baradero-suspendieron-los-festejos-por-un-nuevo-aniversario-de-la-fundacion-de-ambas-ciudades","status":"publish","type":"post","link":"https:\/\/eldiariodesanpedro.com.ar\/sitio\/san-pedro-y-baradero-suspendieron-los-festejos-por-un-nuevo-aniversario-de-la-fundacion-de-ambas-ciudades\/","title":{"rendered":"San Pedro y Baradero suspendieron los festejos por un nuevo aniversario de la fundaci\u00f3n de ambas ciudades"},"content":{"rendered":"<p><!-- VideographyWP Plugin Message: Automatic video embedding prevented by plugin options. --><br \/>\nCoincidentemente, ambas localidades vecinas cumplen su aniversario como ciudad el 25 de julio. Para ello se hab\u00edan planificado eventos, pero debido a las inclemencias del clima debieron ser reprogramados.<br \/>\nEn ese sentido, la Municipalidad de San Pedro comunic\u00f3 \u201cque con motivo de las inclemencias del tiempo y el alerta de intensas lluvias pronosticadas por el Servicio Meteorol\u00f3gico Nacional para la jornada de hoy (por ayer), se suspenden las actividades programadas en el marco de los festejos del 109\u00b0 Aniversario de San Pedro Ciudad\u201d.<br \/>\nCabe recordar que, por intermedio de la Provincia, iban a tocar Miguel y la Urband y Banda XXI. El evento se reprogramar\u00e1 para el pr\u00f3ximo jueves a las 17.30.<br \/>\nPor su parte, la Municipalidad de Baradero dio a conocer: \u201cDebido al pron\u00f3stico del servicio meteorol\u00f3gico, que indica lluvia para nuestra ciudad en la jornada de ma\u00f1ana, el acto protocolar de conmemoraci\u00f3n del 401 aniversario de la fundaci\u00f3n de nuestra ciudad, se realizar\u00e1 ma\u00f1ana a las 11.30 horas en el Club Atl\u00e9tico Baradero, donde se invita concurrir a todas las delegaciones institucionales, con sus respectivas banderas\u201d.<\/p>\n","protected":false},"excerpt":{"rendered":"<p>Coincidentemente, ambas localidades vecinas cumplen su aniversario como ciudad el 25 de julio. Para ello se hab\u00edan planificado eventos, pero debido a las inclemencias del clima debieron ser reprogramados. En ese sentido, la Municipalidad de San Pedro comunic\u00f3 \u201cque con motivo de las inclemencias del tiempo y el alerta de intensas lluvias pronosticadas por el [&hellip;]<\/p>\n","protected":false},"author":4,"featured_media":6351,"comment_status":"open","ping_status":"closed","sticky":false,"template":"","format":"standard","meta":{"om_disable_all_campaigns":false,"_jetpack_memberships_contains_paid_content":false,"footnotes":""},"categories":[101,2],"tags":[],"class_list":["post-6350","post","type-post","status-publish","format-standard","has-post-thumbnail","hentry","category-interes-general-locales","category-locales"],"aioseo_notices":[],"gutentor_comment":0,"jetpack_featured_media_url":"https:\/\/eldiariodesanpedro.com.ar\/sitio\/wp-content\/uploads\/2016\/07\/13775955_1061714070589934_400781284726701526_n.jpg","jetpack_shortlink":"https:\/\/wp.me\/p6RhLt-1Eq","jetpack_sharing_enabled":true,"_links":{"self":[{"href":"https:\/\/eldiariodesanpedro.com.ar\/sitio\/wp-json\/wp\/v2\/posts\/6350","targetHints":{"allow":["GET"]}}],"collection":[{"href":"https:\/\/eldiariodesanpedro.com.ar\/sitio\/wp-json\/wp\/v2\/posts"}],"about":[{"href":"https:\/\/eldiariodesanpedro.com.ar\/sitio\/wp-json\/wp\/v2\/types\/post"}],"author":[{"embeddable":true,"href":"https:\/\/eldiariodesanpedro.com.ar\/sitio\/wp-json\/wp\/v2\/users\/4"}],"replies":[{"embeddable":true,"href":"https:\/\/eldiariodesanpedro.com.ar\/sitio\/wp-json\/wp\/v2\/comments?post=6350"}],"version-history":[{"count":1,"href":"https:\/\/eldiariodesanpedro.com.ar\/sitio\/wp-json\/wp\/v2\/posts\/6350\/revisions"}],"predecessor-version":[{"id":6352,"href":"https:\/\/eldiariodesanpedro.com.ar\/sitio\/wp-json\/wp\/v2\/posts\/6350\/revisions\/6352"}],"wp:featuredmedia":[{"embeddable":true,"href":"https:\/\/eldiariodesanpedro.com.ar\/sitio\/wp-json\/wp\/v2\/media\/6351"}],"wp:attachment":[{"href":"https:\/\/eldiariodesanpedro.com.ar\/sitio\/wp-json\/wp\/v2\/media?parent=6350"}],"wp:term":[{"taxonomy":"category","embeddable":true,"href":"https:\/\/eldiariodesanpedro.com.ar\/sitio\/wp-json\/wp\/v2\/categories?post=6350"},{"taxonomy":"post_tag","embeddable":true,"href":"https:\/\/eldiariodesanpedro.com.ar\/sitio\/wp-json\/wp\/v2\/tags?post=6350"}],"curies":[{"name":"wp","href":"https:\/\/api.w.org\/{rel}","templated":true}]}}