{"id":63498,"date":"2019-11-05T18:13:04","date_gmt":"2019-11-05T21:13:04","guid":{"rendered":"https:\/\/eldiariodesanpedro.com.ar\/sitio\/?p=63498"},"modified":"2019-11-05T18:13:09","modified_gmt":"2019-11-05T21:13:09","slug":"detenido-por-abuso-sexual-gravemente-ultrajante","status":"publish","type":"post","link":"https:\/\/eldiariodesanpedro.com.ar\/sitio\/detenido-por-abuso-sexual-gravemente-ultrajante\/","title":{"rendered":"Detenido por abuso sexual gravemente ultrajante"},"content":{"rendered":"<!-- VideographyWP Plugin Message: Automatic video embedding prevented by plugin options. -->\n\n<p>El aberrante hecho fue denunciado en el mes de diciembre del 2018. El detenido est\u00e1 acusado de abusar sexualmente de su hijastra de 11 a\u00f1os de edad.<\/p>\n\n\n\n<p>Este martes fue detenido por personal de  la DDI San Pedro un hombre de 25 a\u00f1os siendo trasladado a San Nicol\u00e1s.<\/p>\n\n\n\n<p>La detenci\u00f3n se otorg\u00f3 por una denuncia realizada en diciembre del 2018 d\u00f3nde el masculino es acusado de abusar de su hijastra de 11 a\u00f1os de edad.<\/p>\n\n\n\n<p>Tras pericias psicol\u00f3gicas a la v\u00edctima, informes m\u00e9dicos, camara Gesell e investigaci\u00f3n fue detenido el acusado luego de casi un a\u00f1o.<\/p>\n\n\n\n<p> Abuso sexual gravemente ultrajante (art. 119 2\u00ba p\u00e1rr.), Abuso sexual con acceso carnal por v\u00eda anal, vaginal u oral o realizaci\u00f3n de otros actos an\u00e1logos introduciendo objetos o partes del cuerpo por alguna de las dos primeras v\u00edas (art. 119 3\u00ba p\u00e1rr. ley 25.352) y Abuso sexual aprovechamiento con la inmadurez sexual \u2013 estupro \u2013 (art. 120).<\/p>\n\n\n\n<figure class=\"wp-block-image\"><img decoding=\"async\" width=\"768\" height=\"1024\" data-attachment-id=\"63497\" data-permalink=\"https:\/\/eldiariodesanpedro.com.ar\/sitio\/0_img-20191105-wa0035_watermark_mar-_05112019_175318\/\" data-orig-file=\"https:\/\/eldiariodesanpedro.com.ar\/sitio\/wp-content\/uploads\/2019\/11\/0_IMG-20191105-WA0035_watermark_mar._05112019_175318.jpg\" data-orig-size=\"780,1040\" data-comments-opened=\"1\" data-image-meta=\"{&quot;aperture&quot;:&quot;0&quot;,&quot;credit&quot;:&quot;&quot;,&quot;camera&quot;:&quot;&quot;,&quot;caption&quot;:&quot;&quot;,&quot;created_timestamp&quot;:&quot;0&quot;,&quot;copyright&quot;:&quot;&quot;,&quot;focal_length&quot;:&quot;0&quot;,&quot;iso&quot;:&quot;0&quot;,&quot;shutter_speed&quot;:&quot;0&quot;,&quot;title&quot;:&quot;&quot;,&quot;orientation&quot;:&quot;0&quot;}\" data-image-title=\"0_IMG-20191105-WA0035_watermark_mar._05112019_175318\" data-image-description=\"\" data-image-caption=\"\" data-large-file=\"https:\/\/eldiariodesanpedro.com.ar\/sitio\/wp-content\/uploads\/2019\/11\/0_IMG-20191105-WA0035_watermark_mar._05112019_175318-768x1024.jpg\" data-src=\"https:\/\/eldiariodesanpedro.com.ar\/sitio\/wp-content\/uploads\/2019\/11\/0_IMG-20191105-WA0035_watermark_mar._05112019_175318-768x1024.jpg\" alt=\"\" class=\"wp-image-63497 lazyload\" data-srcset=\"https:\/\/eldiariodesanpedro.com.ar\/sitio\/wp-content\/uploads\/2019\/11\/0_IMG-20191105-WA0035_watermark_mar._05112019_175318-768x1024.jpg 768w, https:\/\/eldiariodesanpedro.com.ar\/sitio\/wp-content\/uploads\/2019\/11\/0_IMG-20191105-WA0035_watermark_mar._05112019_175318-225x300.jpg 225w, https:\/\/eldiariodesanpedro.com.ar\/sitio\/wp-content\/uploads\/2019\/11\/0_IMG-20191105-WA0035_watermark_mar._05112019_175318.jpg 780w\" data-sizes=\"(max-width: 768px) 100vw, 768px\" src=\"data:image\/svg+xml;base64,PHN2ZyB3aWR0aD0iMSIgaGVpZ2h0PSIxIiB4bWxucz0iaHR0cDovL3d3dy53My5vcmcvMjAwMC9zdmciPjwvc3ZnPg==\" style=\"--smush-placeholder-width: 768px; --smush-placeholder-aspect-ratio: 768\/1024;\" \/><\/figure>\n\n\n\n<p><\/p>\n","protected":false},"excerpt":{"rendered":"<p>El aberrante hecho fue denunciado en el mes de diciembre del 2018. El detenido est\u00e1 acusado de abusar sexualmente de su hijastra de 11 a\u00f1os de edad. Este martes fue detenido por personal de la DDI San Pedro un hombre de 25 a\u00f1os siendo trasladado a San Nicol\u00e1s. La detenci\u00f3n se otorg\u00f3 por una denuncia [&hellip;]<\/p>\n","protected":false},"author":4,"featured_media":63497,"comment_status":"open","ping_status":"closed","sticky":false,"template":"","format":"standard","meta":{"om_disable_all_campaigns":false,"_jetpack_memberships_contains_paid_content":false,"footnotes":""},"categories":[50,2,103],"tags":[],"class_list":["post-63498","post","type-post","status-publish","format-standard","has-post-thumbnail","hentry","category-destacadas","category-locales","category-policiales-locales"],"aioseo_notices":[],"gutentor_comment":2,"jetpack_featured_media_url":"https:\/\/eldiariodesanpedro.com.ar\/sitio\/wp-content\/uploads\/2019\/11\/0_IMG-20191105-WA0035_watermark_mar._05112019_175318.jpg","jetpack_shortlink":"https:\/\/wp.me\/p6RhLt-gwa","jetpack_sharing_enabled":true,"_links":{"self":[{"href":"https:\/\/eldiariodesanpedro.com.ar\/sitio\/wp-json\/wp\/v2\/posts\/63498","targetHints":{"allow":["GET"]}}],"collection":[{"href":"https:\/\/eldiariodesanpedro.com.ar\/sitio\/wp-json\/wp\/v2\/posts"}],"about":[{"href":"https:\/\/eldiariodesanpedro.com.ar\/sitio\/wp-json\/wp\/v2\/types\/post"}],"author":[{"embeddable":true,"href":"https:\/\/eldiariodesanpedro.com.ar\/sitio\/wp-json\/wp\/v2\/users\/4"}],"replies":[{"embeddable":true,"href":"https:\/\/eldiariodesanpedro.com.ar\/sitio\/wp-json\/wp\/v2\/comments?post=63498"}],"version-history":[{"count":1,"href":"https:\/\/eldiariodesanpedro.com.ar\/sitio\/wp-json\/wp\/v2\/posts\/63498\/revisions"}],"predecessor-version":[{"id":63499,"href":"https:\/\/eldiariodesanpedro.com.ar\/sitio\/wp-json\/wp\/v2\/posts\/63498\/revisions\/63499"}],"wp:featuredmedia":[{"embeddable":true,"href":"https:\/\/eldiariodesanpedro.com.ar\/sitio\/wp-json\/wp\/v2\/media\/63497"}],"wp:attachment":[{"href":"https:\/\/eldiariodesanpedro.com.ar\/sitio\/wp-json\/wp\/v2\/media?parent=63498"}],"wp:term":[{"taxonomy":"category","embeddable":true,"href":"https:\/\/eldiariodesanpedro.com.ar\/sitio\/wp-json\/wp\/v2\/categories?post=63498"},{"taxonomy":"post_tag","embeddable":true,"href":"https:\/\/eldiariodesanpedro.com.ar\/sitio\/wp-json\/wp\/v2\/tags?post=63498"}],"curies":[{"name":"wp","href":"https:\/\/api.w.org\/{rel}","templated":true}]}}