{"id":63494,"date":"2019-11-05T17:00:55","date_gmt":"2019-11-05T20:00:55","guid":{"rendered":"https:\/\/eldiariodesanpedro.com.ar\/sitio\/?p=63494"},"modified":"2019-11-05T17:00:59","modified_gmt":"2019-11-05T20:00:59","slug":"howard-johnson-reune-a-los-mejores-de-sus-hoteles-de-todo-el-pais-en-san-pedro","status":"publish","type":"post","link":"https:\/\/eldiariodesanpedro.com.ar\/sitio\/howard-johnson-reune-a-los-mejores-de-sus-hoteles-de-todo-el-pais-en-san-pedro\/","title":{"rendered":"Howard Johnson re\u00fane a los mejores de sus hoteles de todo el pa\u00eds en San Pedro"},"content":{"rendered":"<!-- VideographyWP Plugin Message: Automatic video embedding prevented by plugin options. -->\n\n<p>\n\nLa cadena Howard Johnson tendr\u00e1 este fin de semana en San Pedro un encuentro de caracter nacional con una serie de actividades previstas para anticipar el cierre del a\u00f1o y el lanzamiento de su nueva temporada. Representantes de todos los hoteles que la franquicia internacional tiene en el pa\u00eds compartir\u00e1n charlas, actividades recreativas y una serie de presentaciones. La cadena distingue en este tipo de eventos a sus empleados m\u00e1s destacados y este a\u00f1o han elegido a San Pedro que cuenta con un hotel c\u00e9ntrico y un destacado complejo ribere\u00f1o. Est\u00e1 prevista la participaci\u00f3n de autoridades nacionales de la cadena e invitados especiales. Por esta actividad, la totalidad de las plazas del hotel se encuentran agotadas y se generar\u00e1 un importante movimiento en la ciudad.<\/p>\n","protected":false},"excerpt":{"rendered":"<p>La cadena Howard Johnson tendr\u00e1 este fin de semana en San Pedro un encuentro de caracter nacional con una serie de actividades previstas para anticipar el cierre del a\u00f1o y el lanzamiento de su nueva temporada. Representantes de todos los hoteles que la franquicia internacional tiene en el pa\u00eds compartir\u00e1n charlas, actividades recreativas y una [&hellip;]<\/p>\n","protected":false},"author":4,"featured_media":63495,"comment_status":"open","ping_status":"closed","sticky":false,"template":"","format":"standard","meta":{"om_disable_all_campaigns":false,"_jetpack_memberships_contains_paid_content":false,"footnotes":""},"categories":[101,2],"tags":[],"class_list":["post-63494","post","type-post","status-publish","format-standard","has-post-thumbnail","hentry","category-interes-general-locales","category-locales"],"aioseo_notices":[],"gutentor_comment":0,"jetpack_featured_media_url":"https:\/\/eldiariodesanpedro.com.ar\/sitio\/wp-content\/uploads\/2019\/11\/foto_frente_ch.jpg","jetpack_shortlink":"https:\/\/wp.me\/p6RhLt-gw6","jetpack_sharing_enabled":true,"_links":{"self":[{"href":"https:\/\/eldiariodesanpedro.com.ar\/sitio\/wp-json\/wp\/v2\/posts\/63494","targetHints":{"allow":["GET"]}}],"collection":[{"href":"https:\/\/eldiariodesanpedro.com.ar\/sitio\/wp-json\/wp\/v2\/posts"}],"about":[{"href":"https:\/\/eldiariodesanpedro.com.ar\/sitio\/wp-json\/wp\/v2\/types\/post"}],"author":[{"embeddable":true,"href":"https:\/\/eldiariodesanpedro.com.ar\/sitio\/wp-json\/wp\/v2\/users\/4"}],"replies":[{"embeddable":true,"href":"https:\/\/eldiariodesanpedro.com.ar\/sitio\/wp-json\/wp\/v2\/comments?post=63494"}],"version-history":[{"count":1,"href":"https:\/\/eldiariodesanpedro.com.ar\/sitio\/wp-json\/wp\/v2\/posts\/63494\/revisions"}],"predecessor-version":[{"id":63496,"href":"https:\/\/eldiariodesanpedro.com.ar\/sitio\/wp-json\/wp\/v2\/posts\/63494\/revisions\/63496"}],"wp:featuredmedia":[{"embeddable":true,"href":"https:\/\/eldiariodesanpedro.com.ar\/sitio\/wp-json\/wp\/v2\/media\/63495"}],"wp:attachment":[{"href":"https:\/\/eldiariodesanpedro.com.ar\/sitio\/wp-json\/wp\/v2\/media?parent=63494"}],"wp:term":[{"taxonomy":"category","embeddable":true,"href":"https:\/\/eldiariodesanpedro.com.ar\/sitio\/wp-json\/wp\/v2\/categories?post=63494"},{"taxonomy":"post_tag","embeddable":true,"href":"https:\/\/eldiariodesanpedro.com.ar\/sitio\/wp-json\/wp\/v2\/tags?post=63494"}],"curies":[{"name":"wp","href":"https:\/\/api.w.org\/{rel}","templated":true}]}}