{"id":63491,"date":"2019-11-05T16:57:33","date_gmt":"2019-11-05T19:57:33","guid":{"rendered":"https:\/\/eldiariodesanpedro.com.ar\/sitio\/?p=63491"},"modified":"2019-11-05T16:57:37","modified_gmt":"2019-11-05T19:57:37","slug":"baradero-allanamiento-en-la-empresa-donto-por-denuncia-de-los-vecinos","status":"publish","type":"post","link":"https:\/\/eldiariodesanpedro.com.ar\/sitio\/baradero-allanamiento-en-la-empresa-donto-por-denuncia-de-los-vecinos\/","title":{"rendered":"BARADERO | Allanamiento en la Empresa Donto por denuncia de los vecinos"},"content":{"rendered":"<!-- VideographyWP Plugin Message: Automatic video embedding prevented by plugin options. -->\n\n<p>\n\nInspeccionaron la Industria Donto con un amplio despliegue de Polic\u00eda Federal y el Organismo Provincial para el Desarrollo Sostenible, con el objetivo de concoer la metodolog\u00eda del trabajo que realiza la f\u00e1brica debido a que hubo vecinos que denunciaron el fuerte olor, mayor al habitual que estaba emitiendo la empresa en los \u00faltimos d\u00edas.<\/p>\n\n\n\n<p>Cabe recordar que no es la primera vez que Donto se ve envuelta en el ojo de la tormenta por denuncias de \u00e9stas caracter\u00edsticas.<\/p>\n\n\n\n<p>En el marco de este \u00faltimo operativo, se determin\u00f3 darle un plazo de tiempo determinado para que regularice la situaci\u00f3n marcada por la OPDS.<\/p>\n\n\n\n<p>Fuente: Baradero Hoy<\/p>\n","protected":false},"excerpt":{"rendered":"<p>Inspeccionaron la Industria Donto con un amplio despliegue de Polic\u00eda Federal y el Organismo Provincial para el Desarrollo Sostenible, con el objetivo de concoer la metodolog\u00eda del trabajo que realiza la f\u00e1brica debido a que hubo vecinos que denunciaron el fuerte olor, mayor al habitual que estaba emitiendo la empresa en los \u00faltimos d\u00edas. Cabe [&hellip;]<\/p>\n","protected":false},"author":4,"featured_media":63492,"comment_status":"open","ping_status":"closed","sticky":false,"template":"","format":"standard","meta":{"om_disable_all_campaigns":false,"_jetpack_memberships_contains_paid_content":false,"footnotes":""},"categories":[621],"tags":[],"class_list":["post-63491","post","type-post","status-publish","format-standard","has-post-thumbnail","hentry","category-regionales"],"aioseo_notices":[],"gutentor_comment":0,"jetpack_featured_media_url":"https:\/\/eldiariodesanpedro.com.ar\/sitio\/wp-content\/uploads\/2019\/11\/74167713_1223366344513961_6652227669406515200_n-1.jpg","jetpack_shortlink":"https:\/\/wp.me\/p6RhLt-gw3","jetpack_sharing_enabled":true,"_links":{"self":[{"href":"https:\/\/eldiariodesanpedro.com.ar\/sitio\/wp-json\/wp\/v2\/posts\/63491","targetHints":{"allow":["GET"]}}],"collection":[{"href":"https:\/\/eldiariodesanpedro.com.ar\/sitio\/wp-json\/wp\/v2\/posts"}],"about":[{"href":"https:\/\/eldiariodesanpedro.com.ar\/sitio\/wp-json\/wp\/v2\/types\/post"}],"author":[{"embeddable":true,"href":"https:\/\/eldiariodesanpedro.com.ar\/sitio\/wp-json\/wp\/v2\/users\/4"}],"replies":[{"embeddable":true,"href":"https:\/\/eldiariodesanpedro.com.ar\/sitio\/wp-json\/wp\/v2\/comments?post=63491"}],"version-history":[{"count":1,"href":"https:\/\/eldiariodesanpedro.com.ar\/sitio\/wp-json\/wp\/v2\/posts\/63491\/revisions"}],"predecessor-version":[{"id":63493,"href":"https:\/\/eldiariodesanpedro.com.ar\/sitio\/wp-json\/wp\/v2\/posts\/63491\/revisions\/63493"}],"wp:featuredmedia":[{"embeddable":true,"href":"https:\/\/eldiariodesanpedro.com.ar\/sitio\/wp-json\/wp\/v2\/media\/63492"}],"wp:attachment":[{"href":"https:\/\/eldiariodesanpedro.com.ar\/sitio\/wp-json\/wp\/v2\/media?parent=63491"}],"wp:term":[{"taxonomy":"category","embeddable":true,"href":"https:\/\/eldiariodesanpedro.com.ar\/sitio\/wp-json\/wp\/v2\/categories?post=63491"},{"taxonomy":"post_tag","embeddable":true,"href":"https:\/\/eldiariodesanpedro.com.ar\/sitio\/wp-json\/wp\/v2\/tags?post=63491"}],"curies":[{"name":"wp","href":"https:\/\/api.w.org\/{rel}","templated":true}]}}