{"id":63488,"date":"2019-11-05T16:53:07","date_gmt":"2019-11-05T19:53:07","guid":{"rendered":"https:\/\/eldiariodesanpedro.com.ar\/sitio\/?p=63488"},"modified":"2019-11-05T16:53:11","modified_gmt":"2019-11-05T19:53:11","slug":"baradero-rock-en-baradero-se-dieron-a-conocer-los-tres-dias-elegidos-para-la-ceremonia-del-verano","status":"publish","type":"post","link":"https:\/\/eldiariodesanpedro.com.ar\/sitio\/baradero-rock-en-baradero-se-dieron-a-conocer-los-tres-dias-elegidos-para-la-ceremonia-del-verano\/","title":{"rendered":"BARADERO | Rock en Baradero: Se dieron a conocer los tres d\u00edas elegidos para \u00abLa Ceremonia del Verano\u00bb"},"content":{"rendered":"<!-- VideographyWP Plugin Message: Automatic video embedding prevented by plugin options. -->\n\n<p> La productora Gonna Go confirm\u00f3 cu\u00e1ndo se realizar\u00e1 el festival que ya se convirti\u00f3 en un cl\u00e1sico para los rockeros bonaerenses. A\u00fan resta que se d\u00e9 a conocer el line up con todas las bandas.<\/p>\n\n\n\n<p>Ya est\u00e1n definidas las fechas para una nueva edici\u00f3n de&nbsp;Rock en Baradero, el festival que re\u00fane a las mejores bandas del rock nacional durante tres d\u00edas al aire libre y a pura m\u00fasica.&nbsp;Los d\u00edas elegidos son el s\u00e1bado 22, domingo 23 y lunes 24 de febrero de 2020.<\/p>\n\n\n\n<p>\u00abLlega una nueva peregrinaci\u00f3n:&nbsp;Rock en Baradero 2020, la sexta edici\u00f3n del festival del rock m\u00e1s grande de la&nbsp;Provincia de Buenos Aires, los d\u00edas 22, 23 y 24 de febrero. Fin de semana de carnavales, un verdadero cl\u00e1sico del verano, una fija en todos los calendarios\u00bb, as\u00ed se anuncia desde&nbsp;Gonna Go, la productora que organiza este evento y que a\u00f1o a a\u00f1o convoca a miles de personas que se dan cita desde distintas partes de la provincia y el pa\u00eds.<\/p>\n\n\n\n<p>El pr\u00f3ximo paso es anunciar el line up con las bandas que dir\u00e1n presente. Por ahora solo se conoce la fecha del encuentro. Se brindar\u00e1 todo tipo d novedades en las redes sociales oficiales del Festival.<\/p>\n\n\n\n<p>Fuente: Infocielo<\/p>\n","protected":false},"excerpt":{"rendered":"<p>La productora Gonna Go confirm\u00f3 cu\u00e1ndo se realizar\u00e1 el festival que ya se convirti\u00f3 en un cl\u00e1sico para los rockeros bonaerenses. A\u00fan resta que se d\u00e9 a conocer el line up con todas las bandas. Ya est\u00e1n definidas las fechas para una nueva edici\u00f3n de&nbsp;Rock en Baradero, el festival que re\u00fane a las mejores bandas [&hellip;]<\/p>\n","protected":false},"author":4,"featured_media":63489,"comment_status":"open","ping_status":"closed","sticky":false,"template":"","format":"standard","meta":{"om_disable_all_campaigns":false,"_jetpack_memberships_contains_paid_content":false,"footnotes":""},"categories":[621],"tags":[],"class_list":["post-63488","post","type-post","status-publish","format-standard","has-post-thumbnail","hentry","category-regionales"],"aioseo_notices":[],"gutentor_comment":0,"jetpack_featured_media_url":"https:\/\/eldiariodesanpedro.com.ar\/sitio\/wp-content\/uploads\/2019\/11\/20191101155529_portada-rb.jpg","jetpack_shortlink":"https:\/\/wp.me\/p6RhLt-gw0","jetpack_sharing_enabled":true,"_links":{"self":[{"href":"https:\/\/eldiariodesanpedro.com.ar\/sitio\/wp-json\/wp\/v2\/posts\/63488","targetHints":{"allow":["GET"]}}],"collection":[{"href":"https:\/\/eldiariodesanpedro.com.ar\/sitio\/wp-json\/wp\/v2\/posts"}],"about":[{"href":"https:\/\/eldiariodesanpedro.com.ar\/sitio\/wp-json\/wp\/v2\/types\/post"}],"author":[{"embeddable":true,"href":"https:\/\/eldiariodesanpedro.com.ar\/sitio\/wp-json\/wp\/v2\/users\/4"}],"replies":[{"embeddable":true,"href":"https:\/\/eldiariodesanpedro.com.ar\/sitio\/wp-json\/wp\/v2\/comments?post=63488"}],"version-history":[{"count":1,"href":"https:\/\/eldiariodesanpedro.com.ar\/sitio\/wp-json\/wp\/v2\/posts\/63488\/revisions"}],"predecessor-version":[{"id":63490,"href":"https:\/\/eldiariodesanpedro.com.ar\/sitio\/wp-json\/wp\/v2\/posts\/63488\/revisions\/63490"}],"wp:featuredmedia":[{"embeddable":true,"href":"https:\/\/eldiariodesanpedro.com.ar\/sitio\/wp-json\/wp\/v2\/media\/63489"}],"wp:attachment":[{"href":"https:\/\/eldiariodesanpedro.com.ar\/sitio\/wp-json\/wp\/v2\/media?parent=63488"}],"wp:term":[{"taxonomy":"category","embeddable":true,"href":"https:\/\/eldiariodesanpedro.com.ar\/sitio\/wp-json\/wp\/v2\/categories?post=63488"},{"taxonomy":"post_tag","embeddable":true,"href":"https:\/\/eldiariodesanpedro.com.ar\/sitio\/wp-json\/wp\/v2\/tags?post=63488"}],"curies":[{"name":"wp","href":"https:\/\/api.w.org\/{rel}","templated":true}]}}