{"id":63485,"date":"2019-11-05T16:50:09","date_gmt":"2019-11-05T19:50:09","guid":{"rendered":"https:\/\/eldiariodesanpedro.com.ar\/sitio\/?p=63485"},"modified":"2019-11-05T16:50:14","modified_gmt":"2019-11-05T19:50:14","slug":"ramallo-destacada-participacion-de-alumnos-de-ramallo-en-las-olimpiadas-de-electromecanica","status":"publish","type":"post","link":"https:\/\/eldiariodesanpedro.com.ar\/sitio\/ramallo-destacada-participacion-de-alumnos-de-ramallo-en-las-olimpiadas-de-electromecanica\/","title":{"rendered":"RAMALLO | Destacada participaci\u00f3n de alumnos de Ramallo en las Olimp\u00edadas de Electromec\u00e1nica"},"content":{"rendered":"<!-- VideographyWP Plugin Message: Automatic video embedding prevented by plugin options. -->\n\n<p>Los alumnos&nbsp;<strong>Iv\u00e1n N\u00fa\u00f1ez<\/strong>&nbsp;y&nbsp;<strong>Mat\u00edas Mendoza<\/strong>, de 7\u00b0 a\u00f1o de Electromec\u00e1nica de la Escuela de Educaci\u00f3n T\u00e9cnica N\u00b02 de P\u00e9rez Mill\u00e1n recibieron una Menci\u00f3n Destacada en las Olimp\u00edadas Nacionales de Electromec\u00e1nica del INET (Instituto Nacional de Educaci\u00f3n Tecnol\u00f3gica).<\/p>\n\n\n\n<p>Acompa\u00f1ados por el profesor\u00a0<strong>Gustavo Albornoz<\/strong>, la competencia se desarroll\u00f3 en Tecnopolis, en la localidad de Villa Martelli, partido de Vicente L\u00f3pez.<\/p>\n\n\n\n<p>El proyecto de los alumnos consisti\u00f3 en una evaluaci\u00f3n del dise\u00f1o de un ascensor de edificio, donde ten\u00edan que hacer c\u00e1lculos y dibujos en AutoCAD y AutoCAD 3d. Posteriormente, tuvieron que exponerlo ante el jurado. Hab\u00eda representantes de todo el pa\u00eds.<\/p>\n\n\n\n<p>Fuente: Ramallo Ciudad<\/p>\n","protected":false},"excerpt":{"rendered":"<p>Los alumnos&nbsp;Iv\u00e1n N\u00fa\u00f1ez&nbsp;y&nbsp;Mat\u00edas Mendoza, de 7\u00b0 a\u00f1o de Electromec\u00e1nica de la Escuela de Educaci\u00f3n T\u00e9cnica N\u00b02 de P\u00e9rez Mill\u00e1n recibieron una Menci\u00f3n Destacada en las Olimp\u00edadas Nacionales de Electromec\u00e1nica del INET (Instituto Nacional de Educaci\u00f3n Tecnol\u00f3gica). Acompa\u00f1ados por el profesor\u00a0Gustavo Albornoz, la competencia se desarroll\u00f3 en Tecnopolis, en la localidad de Villa Martelli, partido de [&hellip;]<\/p>\n","protected":false},"author":4,"featured_media":63486,"comment_status":"open","ping_status":"closed","sticky":false,"template":"","format":"standard","meta":{"om_disable_all_campaigns":false,"_jetpack_memberships_contains_paid_content":false,"footnotes":""},"categories":[621],"tags":[],"class_list":["post-63485","post","type-post","status-publish","format-standard","has-post-thumbnail","hentry","category-regionales"],"aioseo_notices":[],"gutentor_comment":0,"jetpack_featured_media_url":"https:\/\/eldiariodesanpedro.com.ar\/sitio\/wp-content\/uploads\/2019\/11\/bbx_1063247474_1_alumnos_olimpiadas.jpg","jetpack_shortlink":"https:\/\/wp.me\/p6RhLt-gvX","jetpack_sharing_enabled":true,"_links":{"self":[{"href":"https:\/\/eldiariodesanpedro.com.ar\/sitio\/wp-json\/wp\/v2\/posts\/63485","targetHints":{"allow":["GET"]}}],"collection":[{"href":"https:\/\/eldiariodesanpedro.com.ar\/sitio\/wp-json\/wp\/v2\/posts"}],"about":[{"href":"https:\/\/eldiariodesanpedro.com.ar\/sitio\/wp-json\/wp\/v2\/types\/post"}],"author":[{"embeddable":true,"href":"https:\/\/eldiariodesanpedro.com.ar\/sitio\/wp-json\/wp\/v2\/users\/4"}],"replies":[{"embeddable":true,"href":"https:\/\/eldiariodesanpedro.com.ar\/sitio\/wp-json\/wp\/v2\/comments?post=63485"}],"version-history":[{"count":1,"href":"https:\/\/eldiariodesanpedro.com.ar\/sitio\/wp-json\/wp\/v2\/posts\/63485\/revisions"}],"predecessor-version":[{"id":63487,"href":"https:\/\/eldiariodesanpedro.com.ar\/sitio\/wp-json\/wp\/v2\/posts\/63485\/revisions\/63487"}],"wp:featuredmedia":[{"embeddable":true,"href":"https:\/\/eldiariodesanpedro.com.ar\/sitio\/wp-json\/wp\/v2\/media\/63486"}],"wp:attachment":[{"href":"https:\/\/eldiariodesanpedro.com.ar\/sitio\/wp-json\/wp\/v2\/media?parent=63485"}],"wp:term":[{"taxonomy":"category","embeddable":true,"href":"https:\/\/eldiariodesanpedro.com.ar\/sitio\/wp-json\/wp\/v2\/categories?post=63485"},{"taxonomy":"post_tag","embeddable":true,"href":"https:\/\/eldiariodesanpedro.com.ar\/sitio\/wp-json\/wp\/v2\/tags?post=63485"}],"curies":[{"name":"wp","href":"https:\/\/api.w.org\/{rel}","templated":true}]}}