{"id":63479,"date":"2019-11-05T16:47:11","date_gmt":"2019-11-05T19:47:11","guid":{"rendered":"https:\/\/eldiariodesanpedro.com.ar\/sitio\/?p=63479"},"modified":"2019-11-05T16:47:16","modified_gmt":"2019-11-05T19:47:16","slug":"campana-denuncian-usurpacion-de-tierras-de-la-asociacion-protectora-de-animales","status":"publish","type":"post","link":"https:\/\/eldiariodesanpedro.com.ar\/sitio\/campana-denuncian-usurpacion-de-tierras-de-la-asociacion-protectora-de-animales\/","title":{"rendered":"CAMPANA | Denuncian usurpaci\u00f3n de tierras de la Asociaci\u00f3n Protectora de Animales"},"content":{"rendered":"<!-- VideographyWP Plugin Message: Automatic video embedding prevented by plugin options. -->\n\n<p> Desde la entidad hicieron p\u00fablico su conflicto con el Colegio Emanuel en base a una supuesta usurpaci\u00f3n de propiedad. Al parecer, el representante legal del instituto evangelista pretende hacer un cierre perimetral de sus instalaciones sobre un territorio que seg\u00fan afirman los denunciantes, no les pertenece. Por su parte, autoridades de la escuela aseguran tener todas sus escrituras y papeles en regla.<\/p>\n\n\n\n<p>\n\nSe trata de una fuerte disputa que se est\u00e1 llevando a cabo frente al representante legal del Colegio debido a una aparente ocupaci\u00f3n realizada, seg\u00fan argumentan desde la APAC, por parte de aqu\u00e9l de unos seis metros del terreno sobre la calle Pellet y otros seis sobre French, desde el mismo momento que se llev\u00f3 a cabo la construcci\u00f3n de la nueva sede de la instituci\u00f3n educativa.<\/p>\n\n\n\n<p>Aparentemente, la Asociaci\u00f3n Protectora se puso en contacto desde un principio con autoridades municipales por este reclamo. Despu\u00e9s de todo, los terrenos les fueron donados por el Gobierno Municipal de Calixto Dellepiante en los a\u00f1os 90, y certificados por el Escribano Alberto Peluso, raz\u00f3n por la cual dicen contar con la apropiada escritura y agrimensura de la propiedad. Tal es as\u00ed que el alambrado tejido realizado en favor de la entidad de bien p\u00fablico gracias a Siderca, se basa en las dimensiones de tal parcelamiento. Afortunadamente, la Municipalidad ya se ha expresado al respecto y los asuntos relacionados al catastro parecen estar en movimiento.<\/p>\n\n\n\n<p>Hasta hace poco tiempo, la alegada ocupaci\u00f3n habr\u00eda afectado solo uno de los \u00e1ngulos que la APAC utiliza, en el contexto de un nuevo loteo de la manzana Pellet-Castilla-Burgos-Beruti. Por esta raz\u00f3n las autoridades denunciantes no repararon demasiado en el asunto antes, seg\u00fan argumentan.<\/p>\n\n\n\n<p>No obstante, en la actualidad el colegio con frente a calle Castilla est\u00e1 llevando adelante un proceso mediante el cual se construir\u00e1 una pared y cierre de tipo perimetral, avanzando m\u00e1s fuertemente sobre el terreno, y afectando en consecuencia la infraestructura que la entidad utiliza como refugio canino.<\/p>\n\n\n\n<p>Habiendo ya pasado por esta situaci\u00f3n el \u00faltimo mes de julio, la APAC asegura no ver otra opci\u00f3n m\u00e1s que iniciar acciones legales. En este marco, la entidad ha emitido un comunicado, en el cual Mar\u00eda Cristina Ponce de Le\u00f3n, Presidente de la Asociaci\u00f3n, indic\u00f3 que ya se estar\u00eda presentando la denuncia a la autoridad correspondiente, frente a una actitud que describi\u00f3 como \u201cpatotera\u201d por parte de la persona acusada. En esa misma comunicaci\u00f3n, Ponce de Le\u00f3n asegur\u00f3 que la APAC dar\u00e1 pelea \u201ccon capa y espada\u201d para proteger el actual lugar de amparo para m\u00e1s de 120 animales.<\/p>\n\n\n\n<p>Dado este contexto, los representantes de la Asociaci\u00f3n no s\u00f3lo se aseguraron de advertir a la comunidad de lo que est\u00e1 ocurriendo con sus terrenos, sino de poner en evidencia que la parte acusada estar\u00eda avanzando a su vez sobre otras tres propiedades, que al no ser muy frecuentadas por sus due\u00f1os, podr\u00edan tambi\u00e9n caer (si no lo han hecho ya) v\u00edctimas del mismo abuso.<\/p>\n\n\n\n<p>Por su parte, en contacto con CN, el representante legal del Colegio, Vilmar Fuchs, respecto de estas acusaciones coment\u00f3 que compr\u00f3 la propiedad a Abadi\u00e9 por las dimensiones establecidas y bajo un contrato que no exig\u00eda subdivisi\u00f3n. Asegura tener todos los papeles en regla, y que trat\u00f3 varias veces sin \u00e9xito llegar a un acuerdo civilizado con Ponce de Le\u00f3n.<\/p>\n\n\n\n<p>Es m\u00e1s, hizo \u00e9nfasis en que la raz\u00f3n por la que est\u00e1 construyendo el tapial es para evitar que se siga metiendo gente en la escuela para robar. Respecto al futuro de la causa afirm\u00f3: \u201cYo no tengo ning\u00fan problema con la perrera, si la se\u00f1ora quiere hacerme juicio que lo haga, y que el agrimensor junto a un Juez determinen qui\u00e9n tiene raz\u00f3n\u201d. <\/p>\n\n\n\n<p>Fuente: Campana Noticias<\/p>\n","protected":false},"excerpt":{"rendered":"<p>Desde la entidad hicieron p\u00fablico su conflicto con el Colegio Emanuel en base a una supuesta usurpaci\u00f3n de propiedad. Al parecer, el representante legal del instituto evangelista pretende hacer un cierre perimetral de sus instalaciones sobre un territorio que seg\u00fan afirman los denunciantes, no les pertenece. Por su parte, autoridades de la escuela aseguran tener [&hellip;]<\/p>\n","protected":false},"author":4,"featured_media":63480,"comment_status":"open","ping_status":"closed","sticky":false,"template":"","format":"standard","meta":{"om_disable_all_campaigns":false,"_jetpack_memberships_contains_paid_content":false,"footnotes":""},"categories":[621],"tags":[],"class_list":["post-63479","post","type-post","status-publish","format-standard","has-post-thumbnail","hentry","category-regionales"],"aioseo_notices":[],"gutentor_comment":0,"jetpack_featured_media_url":"https:\/\/eldiariodesanpedro.com.ar\/sitio\/wp-content\/uploads\/2019\/11\/20191104034646.jpg","jetpack_shortlink":"https:\/\/wp.me\/p6RhLt-gvR","jetpack_sharing_enabled":true,"_links":{"self":[{"href":"https:\/\/eldiariodesanpedro.com.ar\/sitio\/wp-json\/wp\/v2\/posts\/63479","targetHints":{"allow":["GET"]}}],"collection":[{"href":"https:\/\/eldiariodesanpedro.com.ar\/sitio\/wp-json\/wp\/v2\/posts"}],"about":[{"href":"https:\/\/eldiariodesanpedro.com.ar\/sitio\/wp-json\/wp\/v2\/types\/post"}],"author":[{"embeddable":true,"href":"https:\/\/eldiariodesanpedro.com.ar\/sitio\/wp-json\/wp\/v2\/users\/4"}],"replies":[{"embeddable":true,"href":"https:\/\/eldiariodesanpedro.com.ar\/sitio\/wp-json\/wp\/v2\/comments?post=63479"}],"version-history":[{"count":1,"href":"https:\/\/eldiariodesanpedro.com.ar\/sitio\/wp-json\/wp\/v2\/posts\/63479\/revisions"}],"predecessor-version":[{"id":63481,"href":"https:\/\/eldiariodesanpedro.com.ar\/sitio\/wp-json\/wp\/v2\/posts\/63479\/revisions\/63481"}],"wp:featuredmedia":[{"embeddable":true,"href":"https:\/\/eldiariodesanpedro.com.ar\/sitio\/wp-json\/wp\/v2\/media\/63480"}],"wp:attachment":[{"href":"https:\/\/eldiariodesanpedro.com.ar\/sitio\/wp-json\/wp\/v2\/media?parent=63479"}],"wp:term":[{"taxonomy":"category","embeddable":true,"href":"https:\/\/eldiariodesanpedro.com.ar\/sitio\/wp-json\/wp\/v2\/categories?post=63479"},{"taxonomy":"post_tag","embeddable":true,"href":"https:\/\/eldiariodesanpedro.com.ar\/sitio\/wp-json\/wp\/v2\/tags?post=63479"}],"curies":[{"name":"wp","href":"https:\/\/api.w.org\/{rel}","templated":true}]}}