{"id":63476,"date":"2019-11-05T16:44:59","date_gmt":"2019-11-05T19:44:59","guid":{"rendered":"https:\/\/eldiariodesanpedro.com.ar\/sitio\/?p=63476"},"modified":"2019-11-05T16:45:04","modified_gmt":"2019-11-05T19:45:04","slug":"zarate-balearon-en-la-cabeza-a-un-joven-e-investigan-si-lo-ataco-un-grupo-rival","status":"publish","type":"post","link":"https:\/\/eldiariodesanpedro.com.ar\/sitio\/zarate-balearon-en-la-cabeza-a-un-joven-e-investigan-si-lo-ataco-un-grupo-rival\/","title":{"rendered":"Z\u00c1RATE | Balearon en la cabeza a un joven e investigan si lo atac\u00f3 un grupo rival"},"content":{"rendered":"<!-- VideographyWP Plugin Message: Automatic video embedding prevented by plugin options. -->\n\n<p><strong>Un joven de 21 a\u00f1os fue gravemente herido tras ser baleado en la cabeza mientras caminaba por la calle, en la localidad de Z\u00e1rate, y se investiga si lo atac\u00f3 una banda rival, informaron hoy fuentes policiales.<\/strong><\/p>\n\n\n\n<p>El hecho ocurri\u00f3 ayer por la madrugada en las calles Juan B. Justo y calle 20,seg\u00fan informaron fuentes policiales. La v\u00edctima fue identificada como Lorenzo Gabriel Micucci, y fue encontrado con herida de bala en esa esquina luego de que un vecino llam\u00f3 al n\u00famero de emergencias 911.<\/p>\n\n\n\n<p>Efectivos del Comando de Patrullas llegaron al lugar y constataron que el joven ten\u00eda un disparo en el parietal derecho, por lo que fue trasladado de urgencia al hospital Hospital Virgen del Carmen.<\/p>\n\n\n\n<p>Seg\u00fan las fuentes, Micucci fue operado por personal m\u00e9dico y qued\u00f3 internado en grave estado. En tanto, los investigadores establecieron que el muchacho ten\u00eda antecedentes penales por robo y una hip\u00f3tesis era que lo atac\u00f3 un grupo rival.<\/p>\n\n\n\n<p>El hecho es investigado por personal de la Unidad Funcional de Instrucci\u00f3n (UFI) 7 del Departamento Judicial Z\u00e1rate \u2013 Campana.<\/p>\n\n\n\n<p>Fuente: Impacto Local<\/p>\n","protected":false},"excerpt":{"rendered":"<p>Un joven de 21 a\u00f1os fue gravemente herido tras ser baleado en la cabeza mientras caminaba por la calle, en la localidad de Z\u00e1rate, y se investiga si lo atac\u00f3 una banda rival, informaron hoy fuentes policiales. El hecho ocurri\u00f3 ayer por la madrugada en las calles Juan B. Justo y calle 20,seg\u00fan informaron fuentes [&hellip;]<\/p>\n","protected":false},"author":4,"featured_media":63477,"comment_status":"open","ping_status":"closed","sticky":false,"template":"","format":"standard","meta":{"om_disable_all_campaigns":false,"_jetpack_memberships_contains_paid_content":false,"footnotes":""},"categories":[621],"tags":[],"class_list":["post-63476","post","type-post","status-publish","format-standard","has-post-thumbnail","hentry","category-regionales"],"aioseo_notices":[],"gutentor_comment":0,"jetpack_featured_media_url":"https:\/\/eldiariodesanpedro.com.ar\/sitio\/wp-content\/uploads\/2019\/11\/patrullero-min.jpg","jetpack_shortlink":"https:\/\/wp.me\/p6RhLt-gvO","jetpack_sharing_enabled":true,"_links":{"self":[{"href":"https:\/\/eldiariodesanpedro.com.ar\/sitio\/wp-json\/wp\/v2\/posts\/63476","targetHints":{"allow":["GET"]}}],"collection":[{"href":"https:\/\/eldiariodesanpedro.com.ar\/sitio\/wp-json\/wp\/v2\/posts"}],"about":[{"href":"https:\/\/eldiariodesanpedro.com.ar\/sitio\/wp-json\/wp\/v2\/types\/post"}],"author":[{"embeddable":true,"href":"https:\/\/eldiariodesanpedro.com.ar\/sitio\/wp-json\/wp\/v2\/users\/4"}],"replies":[{"embeddable":true,"href":"https:\/\/eldiariodesanpedro.com.ar\/sitio\/wp-json\/wp\/v2\/comments?post=63476"}],"version-history":[{"count":1,"href":"https:\/\/eldiariodesanpedro.com.ar\/sitio\/wp-json\/wp\/v2\/posts\/63476\/revisions"}],"predecessor-version":[{"id":63478,"href":"https:\/\/eldiariodesanpedro.com.ar\/sitio\/wp-json\/wp\/v2\/posts\/63476\/revisions\/63478"}],"wp:featuredmedia":[{"embeddable":true,"href":"https:\/\/eldiariodesanpedro.com.ar\/sitio\/wp-json\/wp\/v2\/media\/63477"}],"wp:attachment":[{"href":"https:\/\/eldiariodesanpedro.com.ar\/sitio\/wp-json\/wp\/v2\/media?parent=63476"}],"wp:term":[{"taxonomy":"category","embeddable":true,"href":"https:\/\/eldiariodesanpedro.com.ar\/sitio\/wp-json\/wp\/v2\/categories?post=63476"},{"taxonomy":"post_tag","embeddable":true,"href":"https:\/\/eldiariodesanpedro.com.ar\/sitio\/wp-json\/wp\/v2\/tags?post=63476"}],"curies":[{"name":"wp","href":"https:\/\/api.w.org\/{rel}","templated":true}]}}