{"id":6347,"date":"2016-07-25T19:02:39","date_gmt":"2016-07-25T22:02:39","guid":{"rendered":"https:\/\/eldiariodesanpedro.com.ar\/sitio\/?p=6347"},"modified":"2016-07-25T19:24:24","modified_gmt":"2016-07-25T22:24:24","slug":"la-coopser-difundio-un-resumen-de-las-instancias-planteadas-desde-el-aumento-de-la-energia","status":"publish","type":"post","link":"https:\/\/eldiariodesanpedro.com.ar\/sitio\/la-coopser-difundio-un-resumen-de-las-instancias-planteadas-desde-el-aumento-de-la-energia\/","title":{"rendered":"La Coopser difundi\u00f3 un resumen de las instancias planteadas desde el aumento de la energ\u00eda"},"content":{"rendered":"<p><!-- VideographyWP Plugin Message: Automatic video embedding prevented by plugin options. --><br \/>\nA trav\u00e9s de un comunicado, la entidad difundi\u00f3 \u201cuna s\u00edntesis de las diferentes instancias que se han ido generando desde el anuncio del nuevo cuadro tarifario que oportunamente se present\u00f3 en conferencia de prensa, con la suficiente antelaci\u00f3n como para informar a todos los interesados\u201d.<br \/>\n\u201cEl efecto del incremento en el costo de la energ\u00eda y las marchas y contramarchas que a\u00fan hoy configuran un panorama incierto y complicado para nuestra Cooperativa nos colocan en una situaci\u00f3n inc\u00f3moda, que compromete nuestro normal funcionamiento y el objetivo de brindar siempre un servicio de calidad\u201d, advirtieron desde la entidad.<\/p>\n<h3>Impacto del nuevo cuadro tarifario<\/h3>\n<p>A partir del 26 de febrero, por la resoluci\u00f3n 22\/16 del Ministerio de Infraestructura y Servicios P\u00fablicos, se modificaron los cuadros tarifarios con un promedio del 108% para los socios residenciales. Adem\u00e1s se eliminaron los subsidios estatales y la compensaci\u00f3n por el Plan de Convergencia que hac\u00edan m\u00e1s accesible el servicio para todos los usuarios. Entre ambos beneficios se aportaban unos 6.000.000 pesos, de una facturaci\u00f3n deficitaria mensual de aproximadamente 12.000.000 pesos. De este modo, para sustituir solo la eliminaci\u00f3n de estos recursos se deber\u00eda asumir un 50% y, si a ello se le agrega el incremento de costos desde el a\u00f1o 2012 a la fecha, surge el 108% referido como el aumento promedio generado por estas modificaciones.<br \/>\nEl nuevo esquema estableci\u00f3 nuevos beneficios para estimular la reducci\u00f3n del consumo y una tarifa social aplicable para aproximadamente 8000 casos, lo que representa un 33% de los socios de la cooperativa.<\/p>\n<h3>Suspensi\u00f3n transitoria de la aplicaci\u00f3n<\/h3>\n<p>Ante el impacto de este aumento, diferentes organizaciones y representantes pol\u00edticos presentaron ante el Juzgado Contencioso Administrativo del N\u00b01 de La Plata recursos para suspender su aplicaci\u00f3n y obtuvieron una resoluci\u00f3n con el efecto buscado, justificando la misma en la no realizaci\u00f3n de una audiencia p\u00fablica para su aprobaci\u00f3n.<\/p>\n<h3>Refacturaci\u00f3n<\/h3>\n<p>Coopser, en cumplimiento de este fallo, procedi\u00f3 a refacturar los servicios y a realizar devoluciones o acreditaciones a los socios que hab\u00edan pagado. Se registraron casos en los que se volvieron a facturar sumas irrisorias en usuarios comerciales hasta $20. En los casos que todav\u00eda no se hab\u00eda facturado, se modificaron los sistemas de acuerdo a la normativa establecida por la Justicia.<br \/>\nEsta medida gener\u00f3 para Coopser una refacturaci\u00f3n de casi 11 millones menos de lo emitido originalmente.<\/p>\n<h3>Fallo a favor de las Distribuidoras el\u00e9ctricas<\/h3>\n<p>Ante el ostensible perjuicio provocado por la refacturaci\u00f3n tras el fallo del Dr. Arias, las distribuidoras de energ\u00eda presentaron una acci\u00f3n judicial ante la C\u00e1mara en lo Contencioso Administrativo que suspendi\u00f3 la medida anterior brind\u00e1ndole a Coopser la posibilidad de aplicar las tarifas el\u00e9ctricas dispuestas por la Resoluci\u00f3n 22\/2016. Con la correspondiente notificaci\u00f3n se refactur\u00f3 con el cuadro tarifario correspondiente al aumento. Para ello se hicieron los c\u00e1lculos por lo facturado de menos en el mes anterior y se elabor\u00f3 un plan de tres cuotas para facilitar la aplicaci\u00f3n del nuevo costo de la energ\u00eda sin provocar el impacto en una sola factura.<\/p>\n<h3>A la espera de una resoluci\u00f3n definitiva<\/h3>\n<p>En los papeles, hoy, a\u00fan est\u00e1 vigente la resoluci\u00f3n que autoriz\u00f3 los aumentos. Hace pocos d\u00edas en una reuni\u00f3n de las 14 cooperativas m\u00e1s importantes de la provincia de Buenos Aires se anticip\u00f3 que tras la finalizaci\u00f3n de la Feria Judicial, volver\u00eda a aplicarse el fallo del Juzgado en lo Contencioso Administrativo N\u00b01 de La Plata a cargo del Dr. Luis Federico Arias y cancelar la resoluci\u00f3n 22\/16 (el aumento), menos en los aspectos en los que es beneficiosa para los socios (Tarifa Social). Esta misma resoluci\u00f3n cancelar\u00eda la audiencia p\u00fablica citada para el 28\/07\/16 en la ciudad de Mar del Plata.<br \/>\nEn las \u00faltimas horas, mientras se elaboran borradores de presentaciones de las distribuidoras con recursos de nulidad con fundamentos de inaplicabilidad, se conoci\u00f3 un fallo en el expediente iniciado por la CTA, con efecto suspensivo y al mismo tiempo una reconfirmaci\u00f3n de la Audiencia P\u00fablica de Mar del Plata para el pr\u00f3ximo 28 de julio.<\/p>\n<h3>Facturaci\u00f3n y pago en COOPSER<\/h3>\n<p>Las facturas para todos los usuarios (domiciliarios, comerciales, industriales, etc.) se siguen emitiendo conforme la \u00faltimas resoluciones vigentes y pueden abonarse a trav\u00e9s de los mecanismos habituales. En caso de volver a confirmarse una modificaci\u00f3n que deba ser aplicada, se realizar\u00e1n una vez m\u00e1s los ajustes correspondientes.<br \/>\nEn todos los casos, el Organismo de Control El\u00e9ctrico de la Provincia de Buenos Aires (OCEBA) ser\u00e1 quien nos instruya sobre c\u00f3mo proceder ante cada resoluci\u00f3n, de acuerdo a lo dictaminado por la Justicia.<\/p>\n","protected":false},"excerpt":{"rendered":"<p>A trav\u00e9s de un comunicado, la entidad difundi\u00f3 \u201cuna s\u00edntesis de las diferentes instancias que se han ido generando desde el anuncio del nuevo cuadro tarifario que oportunamente se present\u00f3 en conferencia de prensa, con la suficiente antelaci\u00f3n como para informar a todos los interesados\u201d. \u201cEl efecto del incremento en el costo de la energ\u00eda [&hellip;]<\/p>\n","protected":false},"author":4,"featured_media":6360,"comment_status":"open","ping_status":"closed","sticky":false,"template":"","format":"standard","meta":{"om_disable_all_campaigns":false,"_jetpack_memberships_contains_paid_content":false,"footnotes":""},"categories":[50,101,2],"tags":[],"class_list":["post-6347","post","type-post","status-publish","format-standard","has-post-thumbnail","hentry","category-destacadas","category-interes-general-locales","category-locales"],"aioseo_notices":[],"gutentor_comment":0,"jetpack_featured_media_url":"https:\/\/eldiariodesanpedro.com.ar\/sitio\/wp-content\/uploads\/2016\/07\/coopser.jpg","jetpack_shortlink":"https:\/\/wp.me\/p6RhLt-1En","jetpack_sharing_enabled":true,"_links":{"self":[{"href":"https:\/\/eldiariodesanpedro.com.ar\/sitio\/wp-json\/wp\/v2\/posts\/6347","targetHints":{"allow":["GET"]}}],"collection":[{"href":"https:\/\/eldiariodesanpedro.com.ar\/sitio\/wp-json\/wp\/v2\/posts"}],"about":[{"href":"https:\/\/eldiariodesanpedro.com.ar\/sitio\/wp-json\/wp\/v2\/types\/post"}],"author":[{"embeddable":true,"href":"https:\/\/eldiariodesanpedro.com.ar\/sitio\/wp-json\/wp\/v2\/users\/4"}],"replies":[{"embeddable":true,"href":"https:\/\/eldiariodesanpedro.com.ar\/sitio\/wp-json\/wp\/v2\/comments?post=6347"}],"version-history":[{"count":1,"href":"https:\/\/eldiariodesanpedro.com.ar\/sitio\/wp-json\/wp\/v2\/posts\/6347\/revisions"}],"predecessor-version":[{"id":6349,"href":"https:\/\/eldiariodesanpedro.com.ar\/sitio\/wp-json\/wp\/v2\/posts\/6347\/revisions\/6349"}],"wp:featuredmedia":[{"embeddable":true,"href":"https:\/\/eldiariodesanpedro.com.ar\/sitio\/wp-json\/wp\/v2\/media\/6360"}],"wp:attachment":[{"href":"https:\/\/eldiariodesanpedro.com.ar\/sitio\/wp-json\/wp\/v2\/media?parent=6347"}],"wp:term":[{"taxonomy":"category","embeddable":true,"href":"https:\/\/eldiariodesanpedro.com.ar\/sitio\/wp-json\/wp\/v2\/categories?post=6347"},{"taxonomy":"post_tag","embeddable":true,"href":"https:\/\/eldiariodesanpedro.com.ar\/sitio\/wp-json\/wp\/v2\/tags?post=6347"}],"curies":[{"name":"wp","href":"https:\/\/api.w.org\/{rel}","templated":true}]}}