{"id":6345,"date":"2016-07-25T19:00:42","date_gmt":"2016-07-25T22:00:42","guid":{"rendered":"https:\/\/eldiariodesanpedro.com.ar\/sitio\/?p=6345"},"modified":"2016-07-25T19:00:42","modified_gmt":"2016-07-25T22:00:42","slug":"detuvieron-a-un-delincuente-que-intentaba-robar-en-una-casa","status":"publish","type":"post","link":"https:\/\/eldiariodesanpedro.com.ar\/sitio\/detuvieron-a-un-delincuente-que-intentaba-robar-en-una-casa\/","title":{"rendered":"Detuvieron a un delincuente que intentaba robar en una casa"},"content":{"rendered":"<p><!-- VideographyWP Plugin Message: Automatic video embedding prevented by plugin options. --><br \/>\nEl hecho ocurri\u00f3 en la madrugada del domingo, en una vivienda de nuestra ciudad. Tras el llamado al 101, la polic\u00eda tom\u00f3 conocimiento del hecho y se dirigi\u00f3 al lugar. Gracias al r\u00e1pido proceder, en el departamento de la planta alta, m\u00e1s precisamente en el interior de un lavadero ubicado en un patio abierto, efectivos sorprendieron al delincuente, una persona de 22 a\u00f1os, quien hab\u00eda ingresado a la morada tras violentar la puerta acceso.<br \/>\nInmediatamente se aprehendi\u00f3 al sujeto y se secuestraron los objetos que intentaba sustraer.<br \/>\nLa damnificada no hallaba al momento del hecho en el domicilio, por lo que fue ubicada y se present\u00f3 constatando los da\u00f1os. Adem\u00e1s reconoci\u00f3 los objetos como suyos.<br \/>\nEl aprehendido fue trasladado a la sede policial, donde permaneci\u00f3 hasta su remisi\u00f3n en las primeras horas del lunes a la sede judicial en San Nicol\u00e1s.<\/p>\n","protected":false},"excerpt":{"rendered":"<p>El hecho ocurri\u00f3 en la madrugada del domingo, en una vivienda de nuestra ciudad. Tras el llamado al 101, la polic\u00eda tom\u00f3 conocimiento del hecho y se dirigi\u00f3 al lugar. Gracias al r\u00e1pido proceder, en el departamento de la planta alta, m\u00e1s precisamente en el interior de un lavadero ubicado en un patio abierto, efectivos [&hellip;]<\/p>\n","protected":false},"author":4,"featured_media":2693,"comment_status":"open","ping_status":"closed","sticky":false,"template":"","format":"standard","meta":{"om_disable_all_campaigns":false,"_jetpack_memberships_contains_paid_content":false,"footnotes":""},"categories":[2,103],"tags":[],"class_list":["post-6345","post","type-post","status-publish","format-standard","has-post-thumbnail","hentry","category-locales","category-policiales-locales"],"aioseo_notices":[],"gutentor_comment":0,"jetpack_featured_media_url":"https:\/\/eldiariodesanpedro.com.ar\/sitio\/wp-content\/uploads\/2016\/04\/Policia-Bonaerense.jpg","jetpack_shortlink":"https:\/\/wp.me\/p6RhLt-1El","jetpack_sharing_enabled":true,"_links":{"self":[{"href":"https:\/\/eldiariodesanpedro.com.ar\/sitio\/wp-json\/wp\/v2\/posts\/6345","targetHints":{"allow":["GET"]}}],"collection":[{"href":"https:\/\/eldiariodesanpedro.com.ar\/sitio\/wp-json\/wp\/v2\/posts"}],"about":[{"href":"https:\/\/eldiariodesanpedro.com.ar\/sitio\/wp-json\/wp\/v2\/types\/post"}],"author":[{"embeddable":true,"href":"https:\/\/eldiariodesanpedro.com.ar\/sitio\/wp-json\/wp\/v2\/users\/4"}],"replies":[{"embeddable":true,"href":"https:\/\/eldiariodesanpedro.com.ar\/sitio\/wp-json\/wp\/v2\/comments?post=6345"}],"version-history":[{"count":1,"href":"https:\/\/eldiariodesanpedro.com.ar\/sitio\/wp-json\/wp\/v2\/posts\/6345\/revisions"}],"predecessor-version":[{"id":6346,"href":"https:\/\/eldiariodesanpedro.com.ar\/sitio\/wp-json\/wp\/v2\/posts\/6345\/revisions\/6346"}],"wp:featuredmedia":[{"embeddable":true,"href":"https:\/\/eldiariodesanpedro.com.ar\/sitio\/wp-json\/wp\/v2\/media\/2693"}],"wp:attachment":[{"href":"https:\/\/eldiariodesanpedro.com.ar\/sitio\/wp-json\/wp\/v2\/media?parent=6345"}],"wp:term":[{"taxonomy":"category","embeddable":true,"href":"https:\/\/eldiariodesanpedro.com.ar\/sitio\/wp-json\/wp\/v2\/categories?post=6345"},{"taxonomy":"post_tag","embeddable":true,"href":"https:\/\/eldiariodesanpedro.com.ar\/sitio\/wp-json\/wp\/v2\/tags?post=6345"}],"curies":[{"name":"wp","href":"https:\/\/api.w.org\/{rel}","templated":true}]}}