{"id":63347,"date":"2019-11-04T17:26:02","date_gmt":"2019-11-04T20:26:02","guid":{"rendered":"https:\/\/eldiariodesanpedro.com.ar\/sitio\/?p=63347"},"modified":"2019-11-04T17:26:07","modified_gmt":"2019-11-04T20:26:07","slug":"campana-motociclista-murio-en-un-accidente-de-transito","status":"publish","type":"post","link":"https:\/\/eldiariodesanpedro.com.ar\/sitio\/campana-motociclista-murio-en-un-accidente-de-transito\/","title":{"rendered":"CAMPANA | Motociclista muri\u00f3 en un accidente de tr\u00e1nsito"},"content":{"rendered":"<!-- VideographyWP Plugin Message: Automatic video embedding prevented by plugin options. -->\n\n<p>\n\nUn motociclista falleci\u00f3 este s\u00e1bado en horas de la noche tras chocar con dos autos en la zona delboulevard Sarmiento y las calles Bertolini y Necochea. El hecho sucedi\u00f3 alrededor de las 21 horas.<\/p>\n\n\n\n<p>Seg\u00fan trascendi\u00f3, el motociclista habr\u00eda impactado con al menos dos veh\u00edculos: uno avanzaba en direcci\u00f3n al centro (como circulaba \u00e9l) y el otro rumbo lo hac\u00eda a avenida Per\u00f3n.<\/p>\n\n\n\n<p>Los violentos impactos que sufri\u00f3 la v\u00edctima fueron mortales. Dio muestra de la violencia de los choques el estado final de la motocicleta sobre la que se desplazaba, que qued\u00f3 completamente destrozada.<\/p>\n\n\n\n<p>Los otros dos veh\u00edculos involucrados fueron\u00a0una Ford Ranger y un Chevrolet Astra.<\/p>\n\n\n\n<p>Del operativo de emergencia participaron el m\u00f3vil de zona 4 del Comando Patrulla, Prefectura Naval Argentina, el m\u00f3vil 43 de Bomberos Voluntarios y la ambulancia 2 del SAME.<\/p>\n\n\n\n<p>La familia de la v\u00edctima se present\u00f3 en el lugar tras conocer la noticia. El fallecido habr\u00eda sido identificado como Jos\u00e9 Nores, de 52 a\u00f1os, vecino del barrio Dignidad.<\/p>\n\n\n\n<p>Fuente: Campana Argentina<\/p>\n","protected":false},"excerpt":{"rendered":"<p>Un motociclista falleci\u00f3 este s\u00e1bado en horas de la noche tras chocar con dos autos en la zona delboulevard Sarmiento y las calles Bertolini y Necochea. El hecho sucedi\u00f3 alrededor de las 21 horas. Seg\u00fan trascendi\u00f3, el motociclista habr\u00eda impactado con al menos dos veh\u00edculos: uno avanzaba en direcci\u00f3n al centro (como circulaba \u00e9l) y [&hellip;]<\/p>\n","protected":false},"author":4,"featured_media":63348,"comment_status":"open","ping_status":"closed","sticky":false,"template":"","format":"standard","meta":{"om_disable_all_campaigns":false,"_jetpack_memberships_contains_paid_content":false,"footnotes":""},"categories":[621],"tags":[],"class_list":["post-63347","post","type-post","status-publish","format-standard","has-post-thumbnail","hentry","category-regionales"],"aioseo_notices":[],"gutentor_comment":0,"jetpack_featured_media_url":"https:\/\/eldiariodesanpedro.com.ar\/sitio\/wp-content\/uploads\/2019\/11\/whatsapp-image-2019-11-02-at-21.33.39.jpeg","jetpack_shortlink":"https:\/\/wp.me\/p6RhLt-gtJ","jetpack_sharing_enabled":true,"_links":{"self":[{"href":"https:\/\/eldiariodesanpedro.com.ar\/sitio\/wp-json\/wp\/v2\/posts\/63347","targetHints":{"allow":["GET"]}}],"collection":[{"href":"https:\/\/eldiariodesanpedro.com.ar\/sitio\/wp-json\/wp\/v2\/posts"}],"about":[{"href":"https:\/\/eldiariodesanpedro.com.ar\/sitio\/wp-json\/wp\/v2\/types\/post"}],"author":[{"embeddable":true,"href":"https:\/\/eldiariodesanpedro.com.ar\/sitio\/wp-json\/wp\/v2\/users\/4"}],"replies":[{"embeddable":true,"href":"https:\/\/eldiariodesanpedro.com.ar\/sitio\/wp-json\/wp\/v2\/comments?post=63347"}],"version-history":[{"count":1,"href":"https:\/\/eldiariodesanpedro.com.ar\/sitio\/wp-json\/wp\/v2\/posts\/63347\/revisions"}],"predecessor-version":[{"id":63349,"href":"https:\/\/eldiariodesanpedro.com.ar\/sitio\/wp-json\/wp\/v2\/posts\/63347\/revisions\/63349"}],"wp:featuredmedia":[{"embeddable":true,"href":"https:\/\/eldiariodesanpedro.com.ar\/sitio\/wp-json\/wp\/v2\/media\/63348"}],"wp:attachment":[{"href":"https:\/\/eldiariodesanpedro.com.ar\/sitio\/wp-json\/wp\/v2\/media?parent=63347"}],"wp:term":[{"taxonomy":"category","embeddable":true,"href":"https:\/\/eldiariodesanpedro.com.ar\/sitio\/wp-json\/wp\/v2\/categories?post=63347"},{"taxonomy":"post_tag","embeddable":true,"href":"https:\/\/eldiariodesanpedro.com.ar\/sitio\/wp-json\/wp\/v2\/tags?post=63347"}],"curies":[{"name":"wp","href":"https:\/\/api.w.org\/{rel}","templated":true}]}}