{"id":63334,"date":"2019-11-04T10:05:13","date_gmt":"2019-11-04T13:05:13","guid":{"rendered":"https:\/\/eldiariodesanpedro.com.ar\/sitio\/?p=63334"},"modified":"2019-11-04T19:42:12","modified_gmt":"2019-11-04T22:42:12","slug":"incendio-destruyo-precaria-vivienda","status":"publish","type":"post","link":"https:\/\/eldiariodesanpedro.com.ar\/sitio\/incendio-destruyo-precaria-vivienda\/","title":{"rendered":"Incendio destruy\u00f3 precaria vivienda"},"content":{"rendered":"<!-- VideographyWP Plugin Message: Automatic video embedding prevented by plugin options. -->\n\n<p>El fuego se generaliz\u00f3 en una propiedad ubicada en Frers\u00a0sin numero y qued\u00f3 totalmente destruida.\u00a0<\/p>\n\n\n\n<p>En la tarde del domingo, alrededor de las 16 horas, se produjo un incendio de importantes dimensiones en una precaria vivienda ubicada sobre la calle Frers s\/n, en inmediaciones de la empresa arenera del Litoral.<\/p>\n\n\n\n<p>Las llamas se generalizaron r\u00e1pidamente sobre la propiedad de chapa y madera y en pocos minutos destruy\u00f3 todo lo que tuvo a su paso.<\/p>\n\n\n\n<p>Una dotaci\u00f3n del cuerpo de Bomberos Voluntarios acudi\u00f3 al lugar y r\u00e1pidamente extingui\u00f3 las llamas.<\/p>\n\n\n\n<p>Se ignora qu\u00e9 fue lo que origin\u00f3 el siniestro.\u00a0<\/p>\n\n\n\n<p>Fuente: San Pedro Informa<\/p>\n","protected":false},"excerpt":{"rendered":"<p>El fuego se generaliz\u00f3 en una propiedad ubicada en Frers\u00a0sin numero y qued\u00f3 totalmente destruida.\u00a0 En la tarde del domingo, alrededor de las 16 horas, se produjo un incendio de importantes dimensiones en una precaria vivienda ubicada sobre la calle Frers s\/n, en inmediaciones de la empresa arenera del Litoral. Las llamas se generalizaron r\u00e1pidamente [&hellip;]<\/p>\n","protected":false},"author":4,"featured_media":63335,"comment_status":"open","ping_status":"closed","sticky":false,"template":"","format":"standard","meta":{"om_disable_all_campaigns":false,"_jetpack_memberships_contains_paid_content":false,"footnotes":""},"categories":[2,103],"tags":[],"class_list":["post-63334","post","type-post","status-publish","format-standard","has-post-thumbnail","hentry","category-locales","category-policiales-locales"],"aioseo_notices":[],"gutentor_comment":0,"jetpack_featured_media_url":"https:\/\/eldiariodesanpedro.com.ar\/sitio\/wp-content\/uploads\/2019\/11\/000080870.jpg","jetpack_shortlink":"https:\/\/wp.me\/p6RhLt-gtw","jetpack_sharing_enabled":true,"_links":{"self":[{"href":"https:\/\/eldiariodesanpedro.com.ar\/sitio\/wp-json\/wp\/v2\/posts\/63334","targetHints":{"allow":["GET"]}}],"collection":[{"href":"https:\/\/eldiariodesanpedro.com.ar\/sitio\/wp-json\/wp\/v2\/posts"}],"about":[{"href":"https:\/\/eldiariodesanpedro.com.ar\/sitio\/wp-json\/wp\/v2\/types\/post"}],"author":[{"embeddable":true,"href":"https:\/\/eldiariodesanpedro.com.ar\/sitio\/wp-json\/wp\/v2\/users\/4"}],"replies":[{"embeddable":true,"href":"https:\/\/eldiariodesanpedro.com.ar\/sitio\/wp-json\/wp\/v2\/comments?post=63334"}],"version-history":[{"count":1,"href":"https:\/\/eldiariodesanpedro.com.ar\/sitio\/wp-json\/wp\/v2\/posts\/63334\/revisions"}],"predecessor-version":[{"id":63336,"href":"https:\/\/eldiariodesanpedro.com.ar\/sitio\/wp-json\/wp\/v2\/posts\/63334\/revisions\/63336"}],"wp:featuredmedia":[{"embeddable":true,"href":"https:\/\/eldiariodesanpedro.com.ar\/sitio\/wp-json\/wp\/v2\/media\/63335"}],"wp:attachment":[{"href":"https:\/\/eldiariodesanpedro.com.ar\/sitio\/wp-json\/wp\/v2\/media?parent=63334"}],"wp:term":[{"taxonomy":"category","embeddable":true,"href":"https:\/\/eldiariodesanpedro.com.ar\/sitio\/wp-json\/wp\/v2\/categories?post=63334"},{"taxonomy":"post_tag","embeddable":true,"href":"https:\/\/eldiariodesanpedro.com.ar\/sitio\/wp-json\/wp\/v2\/tags?post=63334"}],"curies":[{"name":"wp","href":"https:\/\/api.w.org\/{rel}","templated":true}]}}