{"id":63333,"date":"2019-11-04T11:24:49","date_gmt":"2019-11-04T14:24:49","guid":{"rendered":"https:\/\/eldiariodesanpedro.com.ar\/sitio\/?p=63333"},"modified":"2019-11-04T11:24:54","modified_gmt":"2019-11-04T14:24:54","slug":"radicaron-la-denuncia-del-maltrato-al-abuelo-en-el-geriatrico-san-francisco-de-asis","status":"publish","type":"post","link":"https:\/\/eldiariodesanpedro.com.ar\/sitio\/radicaron-la-denuncia-del-maltrato-al-abuelo-en-el-geriatrico-san-francisco-de-asis\/","title":{"rendered":"Radicaron la denuncia del maltrato al abuelo en el geri\u00e1trico San Francisco de As\u00eds"},"content":{"rendered":"<!-- VideographyWP Plugin Message: Automatic video embedding prevented by plugin options. -->\n\n<p>Este domingo se viralizaron nuevamente agresiones por parte de la autoridad del Geri\u00e1trico  habilitado que funciona sobre calle San Mart\u00edn. No es la primera vez que una denuncia\u00a0por maltratos a los ancianos en lugares habilitados para su cuidado, se viralizan por las redes. Pero en este caso, el video ha aportado una prueba mas y tiene su correlato en la Justicia por dos testigos.<\/p>\n\n\n\n<p>En agosto del 2011 una anciana escapo y  muri\u00f3 de un paro card\u00edaco adentro de una zanja. <\/p>\n\n\n\n<p>Delia Pi\u00f1ero, tenia 75 a\u00f1os de edad, fue hallada muerta por la ma\u00f1ana de aquel agosto en una zanja en Independencia al 2.200, habia sido vista por \u00faltima vez con vida en el hogar de ancianos en el que se alojaba<\/p>\n\n\n\n<p>El Fiscal Hern\u00e1n Granda, interviniente en la causa, confirmo ese d\u00eda que \u00ablas pericias m\u00e9dicas dieron cuenta de una muerte no violenta, por un paro card\u00edaco, presuntamente originado por hipotermia o de la desesperaci\u00f3n por no salir de la zanja\u201d.  Ademas consider\u00f3 que \u00abtodos los elementos indican que se escap\u00f3 del geri\u00e1trico\u201d.  (2011)<\/p>\n\n\n\n<p>En diciembre del 2017 tambi\u00e9n un video captado por una vecina muestra a una mujer, presunta empleada del lugar, intentando regresar a un  anciano al geri\u00e1trico. En ese momento las im\u00e1genes se difundieron por las redes sociales pero no hubo denuncia formal.\u00a0\u00a0 <\/p>\n\n\n\n<figure class=\"wp-block-image\"><img decoding=\"async\" width=\"1140\" height=\"640\" data-attachment-id=\"63340\" data-permalink=\"https:\/\/eldiariodesanpedro.com.ar\/sitio\/radicaron-la-denuncia-del-maltrato-al-abuelo-en-el-geriatrico-san-francisco-de-asis\/attachment\/0028752929\/\" data-orig-file=\"https:\/\/eldiariodesanpedro.com.ar\/sitio\/wp-content\/uploads\/2019\/11\/0028752929.jpg\" data-orig-size=\"1140,640\" data-comments-opened=\"1\" data-image-meta=\"{&quot;aperture&quot;:&quot;0&quot;,&quot;credit&quot;:&quot;&quot;,&quot;camera&quot;:&quot;&quot;,&quot;caption&quot;:&quot;&quot;,&quot;created_timestamp&quot;:&quot;0&quot;,&quot;copyright&quot;:&quot;&quot;,&quot;focal_length&quot;:&quot;0&quot;,&quot;iso&quot;:&quot;0&quot;,&quot;shutter_speed&quot;:&quot;0&quot;,&quot;title&quot;:&quot;&quot;,&quot;orientation&quot;:&quot;0&quot;}\" data-image-title=\"0028752929\" data-image-description=\"\" data-image-caption=\"\" data-large-file=\"https:\/\/eldiariodesanpedro.com.ar\/sitio\/wp-content\/uploads\/2019\/11\/0028752929-1024x575.jpg\" data-src=\"https:\/\/i1.wp.com\/eldiariodesanpedro.com.ar\/sitio\/wp-content\/uploads\/2019\/11\/0028752929.jpg?fit=660%2C371\" alt=\"\" class=\"wp-image-63340 lazyload\" data-srcset=\"https:\/\/eldiariodesanpedro.com.ar\/sitio\/wp-content\/uploads\/2019\/11\/0028752929.jpg 1140w, https:\/\/eldiariodesanpedro.com.ar\/sitio\/wp-content\/uploads\/2019\/11\/0028752929-300x168.jpg 300w, https:\/\/eldiariodesanpedro.com.ar\/sitio\/wp-content\/uploads\/2019\/11\/0028752929-768x431.jpg 768w, https:\/\/eldiariodesanpedro.com.ar\/sitio\/wp-content\/uploads\/2019\/11\/0028752929-1024x575.jpg 1024w\" data-sizes=\"(max-width: 1140px) 100vw, 1140px\" src=\"data:image\/svg+xml;base64,PHN2ZyB3aWR0aD0iMSIgaGVpZ2h0PSIxIiB4bWxucz0iaHR0cDovL3d3dy53My5vcmcvMjAwMC9zdmciPjwvc3ZnPg==\" style=\"--smush-placeholder-width: 1140px; --smush-placeholder-aspect-ratio: 1140\/640;\" \/><figcaption><br><\/figcaption><\/figure>\n\n\n\n<p>All\u00ed se puede ver como\u00a0<strong>la mujer empuja y le grita al hombre<\/strong>, quien hab\u00eda sido institucionalizado por personal de la secretar\u00eda de Desarrollo Humano del Municipio al ser encontrado en situaci\u00f3n de calle,\u00a0para luego llevarlo nuevamente a la instituci\u00f3n.<\/p>\n\n\n\n<p><strong>La secretar\u00eda de Desarrollo Humano del Municipio intervino en el caso<\/strong>\u00a0(2017) luego de que la prensa se encargara de difundir el video publicado por la vecina en forma de denuncia.<\/p>\n\n\n\n<p><strong> Se han conocido infinidad de testimonios de ex empleadas del lugar y familiares de ancianos que han residido el mismo, junto con vecinos, se necesita que sean denunciados en la justicia.<br><\/strong><\/p>\n\n\n\n<p>Actualmente, este 31 de octubre, en la redacci\u00f3n de \u00abEl Diario de San Pedro\u00bb se recibi\u00f3 la denuncia de varios vecinos por un colectivo ubicado sobre la v\u00eda p\u00fablica en las puertas del geri\u00e1trico.<\/p>\n\n\n\n<p>La denuncia surge porque seg\u00fan se pudo constatar con el Director de Tr\u00e1nsito Angel Burgos , el mismo se estar\u00eda utilizando como vivienda para las empleadas del lugar.<\/p>\n\n\n\n<p>El funcionario tambi\u00e9n coment\u00f3 que, ademas, se pueden ver cables de electricidad colgando sobre la vereda que provienen desde el domicilio hacia el rodado.<\/p>\n\n\n\n<p>Desde la Municipalidad se hab\u00edan realizado varias intimaciones a lo que el propietario del geri\u00e1trico, el Dr. Julian Gomez, ex Director de Atenci\u00f3n Primaria de la Salud de la localidad de Baradero en el 2009 durante la gesti\u00f3n de Aldo Carossi, hizo caso omiso.<\/p>\n\n\n\n<p>Burgos: \u00abHace 15 d\u00edas atr\u00e1s le hicimos la \u00faltima intimaci\u00f3n para que retire el colectivo del lugar y solo recibimos la respuesta por parte del propietario de que nos lo llevemos si podemos, por que al estar detenido se encuentran las ruedas bloqueadas y no lo podemos trasladar con la gr\u00faa\u00bb.<\/p>\n\n\n\n<p>\u00abVisitamos la residencia y encontramos que hacia el colectivo van cables de energ\u00eda que provienen del geriatrico, ademas que el colectivo es utilizado como un dormitorio para las empleadas del lugar; inclusive hablamos con una de ellas que se encontraba dentro del rodado\u00bb, declar\u00f3 el Director de Tr\u00e1nsito e Inspecci\u00f3n.<\/p>\n\n\n\n<p>\u00abRecibimos muchas quejas de los vecinos por el peligro de los cables y por la mugre que tiene el colectivo, pero el propietario ignora la situaci\u00f3n, y ya anteriormente hemos tenido irregularidades con ese geri\u00e1trico\u00bb.<\/p>\n\n\n\n<p>Una vecina se sumo a testimonios: \u00abConozco a uno de los abuelos que vive ah\u00ed porque siempre me lo cruzo en una despensa que va a comprarles cosas para las enfermeras y dem\u00e1s, se que ellos aveces hacen asados y los abuelos viven a sopa. Ojal\u00e1 puedan averiguar y saber bien en que condiciones est\u00e1n en el colectivo, se dec\u00eda que algunos abuelos dorm\u00edan ah\u00ed tambi\u00e9n pero yo s\u00e9 eso porque ese abuelo que va siempre va a cualquier hora y compra para que los dem\u00e1s coman\u00bb.<\/p>\n\n\n\n<p>A los d\u00edas luego de que el Diario fuera invitado violentamente por el Director del lugar a realizar fotos comprobando que era \u00abmentira\u00bb , fue retirado del lugar sorpresivamente.<\/p>\n\n\n\n<p>A los d\u00edas se conoci\u00f3 un v\u00eddeo donde una vecina primeramente publica en su red social que hab\u00eda encontrado un abuelo perdido, que si alguien lo conoc\u00eda.<\/p>\n\n\n\n<figure><iframe data-src=\"https:\/\/www.facebook.com\/plugins\/post.php?href=https%3A%2F%2Fwww.facebook.com%2Fcarla.yaguno.3%2Fposts%2F533942147419674&amp;width=500\" width=\"500\" height=\"688\" src=\"data:image\/svg+xml;base64,PHN2ZyB3aWR0aD0iMSIgaGVpZ2h0PSIxIiB4bWxucz0iaHR0cDovL3d3dy53My5vcmcvMjAwMC9zdmciPjwvc3ZnPg==\" class=\"lazyload\" data-load-mode=\"1\"><\/iframe><\/figure>\n\n\n\n<p>Luego intenta acompa\u00f1arlo al lugar donde se supo que se escapaba, el \u00abHOGAR DE ANCIANOS\u00bb de calle San Mart\u00edn.<\/p>\n\n\n\n<p>Lo nombramos HOGAR como lo llama su Director, el Dr Julian Gomez.<\/p>\n\n\n\n<p>Carla filma toda la situaci\u00f3n donde acompa\u00f1a al abuelo y se ve que muy asustado no quiere regresar pero ella insiste en acompa\u00f1arlo y le dice que no lo va a dejar solo.<\/p>\n\n\n\n<p>Al llegar al lugar es recibida por una mujer y este director que primeramente agarra de un brazo al abuelo y lo mete adentro, seguidamente comienza a tratar de justificar su escape.<\/p>\n\n\n\n<p>Lego de medir palabras se torna agresivo, la insulta y la agrede f\u00edsicamente hasta que cae el tel\u00e9fono al suelo y la c\u00e1mara se apaga.<\/p>\n\n\n\n<figure class=\"wp-block-embed-facebook wp-block-embed is-type-video is-provider-facebook\"><div class=\"wp-block-embed__wrapper\">\n<div class=\"fb-video\" data-allowfullscreen=\"true\" data-href=\"https:\/\/www.facebook.com\/carla.yaguno.3\/videos\/533979864082569\/\" style=\"background-color: #fff; display: inline-block;\"><\/div>\n<\/div><\/figure>\n\n\n\n<p>Carla realizo ademas la denuncia correspondiente en la dependencia local junto con otro vecino que fue testigo de la agresi\u00f3n.<\/p>\n\n\n\n<p><strong>La denuncia radicada <\/strong><\/p>\n\n\n\n<p>Por la tarde de este domingo se hace presente en la comisaria de nuestra ciudad una mujer de 33 a\u00f1os de edad quien cuenta haberse envuelta en una situaci\u00f3n de violencia por parte de un masculino. La misma dice que mientras circulaba por v\u00eda publica se encuentra con un anciano el cual se encontraba perdido, tras investigaciones personales toma conocimiento que este reside en hogar de ancianos ubicado en San Mart\u00edn y Larralde, por lo que se dirige hacia el lugar a llevarlo. Que una vez all\u00ed son recibidos de mala manera por el Director de la instituci\u00f3n, el cual toma al anciano de sus brazos y comienza a agredirlo f\u00edsicamente, es por ello que la dicente se interpone para proteger a este y el  masculino la agrede f\u00edsicamente tambi\u00e9n a ella.<\/p>\n\n\n\n<p>Interviene la Fiscalia N\u00ba5 a cargo del Dr Manso<\/p>\n\n\n\n<p>Un vecino radica su denuncia siendo testigo del hecho contando que en la tarde del domingo mientras circulaba a pie por calle San Mart\u00edn entre Depietri y Larralde, que llegando al Hogar de Ancianos Francisco de As\u00eds, observa a masculino al cual reconoce como director de dicho hogar, quien agred\u00eda verbalmente a femenina, que luego comenz\u00f3 a agredir f\u00edsicamente a uno de los anciano, por lo que denunciante grita que dejara de golpearlo, este sujeto egresa con intenciones de agredir a denunciante y en ese momento se hace presente m\u00f3vil policial.<\/p>\n\n\n\n<p> Intervenci\u00f3n UFI 5 San Pedro. <\/p>\n","protected":false},"excerpt":{"rendered":"<p>Este domingo se viralizaron nuevamente agresiones por parte de la autoridad del Geri\u00e1trico habilitado que funciona sobre calle San Mart\u00edn. No es la primera vez que una denuncia\u00a0por maltratos a los ancianos en lugares habilitados para su cuidado, se viralizan por las redes. Pero en este caso, el video ha aportado una prueba mas y [&hellip;]<\/p>\n","protected":false},"author":4,"featured_media":63342,"comment_status":"open","ping_status":"closed","sticky":false,"template":"","format":"standard","meta":{"om_disable_all_campaigns":false,"_jetpack_memberships_contains_paid_content":false,"footnotes":""},"categories":[50,101,2],"tags":[],"class_list":["post-63333","post","type-post","status-publish","format-standard","has-post-thumbnail","hentry","category-destacadas","category-interes-general-locales","category-locales"],"aioseo_notices":[],"gutentor_comment":0,"jetpack_featured_media_url":"https:\/\/eldiariodesanpedro.com.ar\/sitio\/wp-content\/uploads\/2019\/11\/Sin-t\u00edtulo-1.png","jetpack_shortlink":"https:\/\/wp.me\/p6RhLt-gtv","jetpack_sharing_enabled":true,"_links":{"self":[{"href":"https:\/\/eldiariodesanpedro.com.ar\/sitio\/wp-json\/wp\/v2\/posts\/63333","targetHints":{"allow":["GET"]}}],"collection":[{"href":"https:\/\/eldiariodesanpedro.com.ar\/sitio\/wp-json\/wp\/v2\/posts"}],"about":[{"href":"https:\/\/eldiariodesanpedro.com.ar\/sitio\/wp-json\/wp\/v2\/types\/post"}],"author":[{"embeddable":true,"href":"https:\/\/eldiariodesanpedro.com.ar\/sitio\/wp-json\/wp\/v2\/users\/4"}],"replies":[{"embeddable":true,"href":"https:\/\/eldiariodesanpedro.com.ar\/sitio\/wp-json\/wp\/v2\/comments?post=63333"}],"version-history":[{"count":1,"href":"https:\/\/eldiariodesanpedro.com.ar\/sitio\/wp-json\/wp\/v2\/posts\/63333\/revisions"}],"predecessor-version":[{"id":63343,"href":"https:\/\/eldiariodesanpedro.com.ar\/sitio\/wp-json\/wp\/v2\/posts\/63333\/revisions\/63343"}],"wp:featuredmedia":[{"embeddable":true,"href":"https:\/\/eldiariodesanpedro.com.ar\/sitio\/wp-json\/wp\/v2\/media\/63342"}],"wp:attachment":[{"href":"https:\/\/eldiariodesanpedro.com.ar\/sitio\/wp-json\/wp\/v2\/media?parent=63333"}],"wp:term":[{"taxonomy":"category","embeddable":true,"href":"https:\/\/eldiariodesanpedro.com.ar\/sitio\/wp-json\/wp\/v2\/categories?post=63333"},{"taxonomy":"post_tag","embeddable":true,"href":"https:\/\/eldiariodesanpedro.com.ar\/sitio\/wp-json\/wp\/v2\/tags?post=63333"}],"curies":[{"name":"wp","href":"https:\/\/api.w.org\/{rel}","templated":true}]}}