{"id":63326,"date":"2019-11-04T09:19:12","date_gmt":"2019-11-04T12:19:12","guid":{"rendered":"https:\/\/eldiariodesanpedro.com.ar\/sitio\/?p=63326"},"modified":"2019-11-04T09:38:01","modified_gmt":"2019-11-04T12:38:01","slug":"la-dra-liliana-doldan-es-la-nueva-presidente-del-circulo-medico","status":"publish","type":"post","link":"https:\/\/eldiariodesanpedro.com.ar\/sitio\/la-dra-liliana-doldan-es-la-nueva-presidente-del-circulo-medico\/","title":{"rendered":"La Dra. Liliana Dold\u00e1n es la nueva presidente del C\u00edrculo M\u00e9dico"},"content":{"rendered":"<!-- VideographyWP Plugin Message: Automatic video embedding prevented by plugin options. -->\n\n<p>\n\nEl C\u00edrculo M\u00e9dico de San Pedro renov\u00f3 su Comisi\u00f3n Directiva el mi\u00e9rcoles 30 de octubre con su Asamblea General Ordinaria.<\/p>\n\n\n\n<p>En el auditorio de la entidad, se hizo un repaso de todo lo actuado durante el \u00faltimo ejercicio que cont\u00f3 con la aprobaci\u00f3n un\u00e1nime de la Memoria, el Balance y todo lo actuado por la Comisi\u00f3n Directiva durante el \u00faltimo a\u00f1o.<\/p>\n\n\n\n<p>La gran cantidad de profesionales participantes respaldaron las acciones gremiales, institucionales y comunitarias que se vienen consolidando durante los \u00faltimos a\u00f1os gracias a un trabajo conjunto desde el sector privado, con una mayor participaci\u00f3n durante el \u00faltimo tiempo con instituciones intermedias y con la Municipalidad, a trav\u00e9s de la Secretar\u00eda de Salud.<\/p>\n\n\n\n<p>A la vez , se reconoci\u00f3 a los integrantes de la Comisi\u00f3n Directiva la presencia destacada en todos los espacios en los que se defendieron los derechos de los socios sin intermediaci\u00f3n.<\/p>\n\n\n\n<p>Con el objetivo de continuar con un plan de proponer, discutir y escuchar honrando el compromiso de representar a los 120 m\u00e9dicos que son parte, se aprob\u00f3 la lista elevada para conformar la nueva Comisi\u00f3n Directiva que ahora es encabezada por una mujer.<\/p>\n\n\n\n<p>La Dra. Liliana Dold\u00e1n es la primera mujer que -en sus 60 a\u00f1os de historia- preside la entidad. Ser\u00e1 acompa\u00f1ada por un grupo de profesionales que combinan dirigentes experimentados y nuevos m\u00e9dicos que se involucran en la participaci\u00f3n.<\/p>\n\n\n\n<p>La transparencia en la gesti\u00f3n, la continuidad de la toma de decisiones por consenso y una apertura concreta hacia la sociedad seguir\u00e1n siendo pilares centrales de la instituci\u00f3n, con nuevas inquietudes y una b\u00fasqueda permanente de un crecimiento en la calidad de atenci\u00f3n, la infraestructura y la participaci\u00f3n en las actividades de difusi\u00f3n, prevenci\u00f3n y pomoci\u00f3n de la salud de todos los sampedrinos.<\/p>\n\n\n\n<p><strong>La nueva Comisi\u00f3n Directiva es la siguiente:<\/strong><\/p>\n\n\n\n<p><strong>Presidente: Dra. Liliana Dold\u00e1n<\/strong><br>Vice Presidente: Dr. Rodolfo Gigena<br>Secretario: Dr. Carlos Carzino<br>Pro Secretario: Dr. Mario Bernasconi<br>Tesorero: Dr. Daniel Ureta<br>Pro Tesorero: Dr. Miguel Plana<br>Vocal: Dr. Carlos Guti\u00e9rrez<br>Vocal: Dr. Carolina Perroud<br>Revisor de Cuentas Titular: Dra. Claudia Dotti<br>Revisor de Cuentas Suplente: Dr. Javier Sualdea\n\n<\/p>\n","protected":false},"excerpt":{"rendered":"<p>El C\u00edrculo M\u00e9dico de San Pedro renov\u00f3 su Comisi\u00f3n Directiva el mi\u00e9rcoles 30 de octubre con su Asamblea General Ordinaria. En el auditorio de la entidad, se hizo un repaso de todo lo actuado durante el \u00faltimo ejercicio que cont\u00f3 con la aprobaci\u00f3n un\u00e1nime de la Memoria, el Balance y todo lo actuado por la [&hellip;]<\/p>\n","protected":false},"author":4,"featured_media":63332,"comment_status":"open","ping_status":"closed","sticky":false,"template":"","format":"standard","meta":{"om_disable_all_campaigns":false,"_jetpack_memberships_contains_paid_content":false,"footnotes":""},"categories":[101,2],"tags":[],"class_list":["post-63326","post","type-post","status-publish","format-standard","has-post-thumbnail","hentry","category-interes-general-locales","category-locales"],"aioseo_notices":[],"gutentor_comment":0,"jetpack_featured_media_url":"https:\/\/eldiariodesanpedro.com.ar\/sitio\/wp-content\/uploads\/2019\/11\/Liliana-Dold\u00e1n.png","jetpack_shortlink":"https:\/\/wp.me\/p6RhLt-gto","jetpack_sharing_enabled":true,"_links":{"self":[{"href":"https:\/\/eldiariodesanpedro.com.ar\/sitio\/wp-json\/wp\/v2\/posts\/63326","targetHints":{"allow":["GET"]}}],"collection":[{"href":"https:\/\/eldiariodesanpedro.com.ar\/sitio\/wp-json\/wp\/v2\/posts"}],"about":[{"href":"https:\/\/eldiariodesanpedro.com.ar\/sitio\/wp-json\/wp\/v2\/types\/post"}],"author":[{"embeddable":true,"href":"https:\/\/eldiariodesanpedro.com.ar\/sitio\/wp-json\/wp\/v2\/users\/4"}],"replies":[{"embeddable":true,"href":"https:\/\/eldiariodesanpedro.com.ar\/sitio\/wp-json\/wp\/v2\/comments?post=63326"}],"version-history":[{"count":1,"href":"https:\/\/eldiariodesanpedro.com.ar\/sitio\/wp-json\/wp\/v2\/posts\/63326\/revisions"}],"predecessor-version":[{"id":63328,"href":"https:\/\/eldiariodesanpedro.com.ar\/sitio\/wp-json\/wp\/v2\/posts\/63326\/revisions\/63328"}],"wp:featuredmedia":[{"embeddable":true,"href":"https:\/\/eldiariodesanpedro.com.ar\/sitio\/wp-json\/wp\/v2\/media\/63332"}],"wp:attachment":[{"href":"https:\/\/eldiariodesanpedro.com.ar\/sitio\/wp-json\/wp\/v2\/media?parent=63326"}],"wp:term":[{"taxonomy":"category","embeddable":true,"href":"https:\/\/eldiariodesanpedro.com.ar\/sitio\/wp-json\/wp\/v2\/categories?post=63326"},{"taxonomy":"post_tag","embeddable":true,"href":"https:\/\/eldiariodesanpedro.com.ar\/sitio\/wp-json\/wp\/v2\/tags?post=63326"}],"curies":[{"name":"wp","href":"https:\/\/api.w.org\/{rel}","templated":true}]}}