{"id":63315,"date":"2019-11-04T08:52:50","date_gmt":"2019-11-04T11:52:50","guid":{"rendered":"https:\/\/eldiariodesanpedro.com.ar\/sitio\/?p=63315"},"modified":"2019-11-04T08:52:54","modified_gmt":"2019-11-04T11:52:54","slug":"se-cumplen-18-anos-del-descubrimiento-del-yacimiento-de-campo-sposito-2","status":"publish","type":"post","link":"https:\/\/eldiariodesanpedro.com.ar\/sitio\/se-cumplen-18-anos-del-descubrimiento-del-yacimiento-de-campo-sposito-2\/","title":{"rendered":"Se cumplen 18 a\u00f1os del descubrimiento del yacimiento de campo Sposito"},"content":{"rendered":"<!-- VideographyWP Plugin Message: Automatic video embedding prevented by plugin options. -->\n\n<p> El\u00a0<strong>3 de noviembre de 2001<\/strong>\u00a0el Grupo Conservacionista de F\u00f3siles descubr\u00eda, oficialmente, el yacimiento paleontol\u00f3gico con mayor concentraci\u00f3n de f\u00f3siles del norte bonaerense. <\/p>\n\n\n\n<p>El lugar, ubicado en un sector del campo de la firma\u00a0<strong>Sp\u00f3sito S.A<\/strong>., est\u00e1 en pleno Bajo del Tala, partido de San Pedro, a unos 10 km de la ciudad.Desde algunos a\u00f1os atr\u00e1s, trabajadores y vecinos del lugar, hab\u00edan observado restos \u00f3seos de grandes proporciones que les llamaban la atenci\u00f3n, ocultos en los sedimentos. <\/p>\n\n\n\n<p>Pero fue con la llegada del equipo del Museo Paleontol\u00f3gico \u00abFray Manuel de Torres\u00bb cuando se pudo investigar, comprender y poner en valor este valioso yacimiento paleontol\u00f3gico.\u00a0Hasta la fecha se han recuperado algo m\u00e1s de veinte g\u00e9neros de animales f\u00f3siles, entre los que predominan los lestodontes (grandes perezosos), los toxodones (herb\u00edvoros similares a hipop\u00f3tamos) y ciertos ciervos prehist\u00f3ricos llamados Morenelaphus; adem\u00e1s de armadillos gigantes, caballos prehist\u00f3ricos y varias especies m\u00e1s.\u00a0<\/p>\n\n\n\n<p>Hoy se sabe que por ese lugar corri\u00f3\u00a0<strong>un r\u00edo en la prehistoriade la zona<\/strong>\u00a0y que, en la capa de barro en el fondo de aquel curso de agua, se acumularon las partes duras de los animales que viv\u00edan y mor\u00edan en ese ecosistema.El sitio es visitado por\u00a0<strong>alumnos de colegios<\/strong>\u00a0de toda la regi\u00f3n e\u00a0<strong>investigadores<\/strong>\u00a0de numerosos centros cient\u00edficos, as\u00ed como por\u00a0<strong>periodistas<\/strong>\u00a0de numerosos medios de comunicaci\u00f3n que difunden los descubrimientos que all\u00ed se producen.\u00a0<\/p>\n\n\n\n<p>Todos los conocimientos que ha brindado el yacimiento en estos 18 a\u00f1os de trabajo ininterrumpido\u00a0<strong>no hubieran podido volcarse a la comunidad sin la excelente predisposici\u00f3n\u00a0de la familia Sp\u00f3sito<\/strong>\u00a0a quienes, desde el Grupo Conservacionista, agradecen profundamente.\u00a0 <\/p>\n\n\n\n<ul class=\"wp-block-gallery columns-3 is-cropped wp-block-gallery-1 is-layout-flex wp-block-gallery-is-layout-flex\"><li class=\"blocks-gallery-item\"><figure><img decoding=\"async\" width=\"1800\" height=\"1200\" data-attachment-id=\"63316\" data-permalink=\"https:\/\/eldiariodesanpedro.com.ar\/sitio\/se-cumplen-18-anos-del-descubrimiento-del-yacimiento-de-campo-sposito-2\/100_0263\/\" data-orig-file=\"https:\/\/eldiariodesanpedro.com.ar\/sitio\/wp-content\/uploads\/2019\/11\/100_0263.jpg\" data-orig-size=\"1800,1200\" data-comments-opened=\"1\" data-image-meta=\"{&quot;aperture&quot;:&quot;2.8&quot;,&quot;credit&quot;:&quot;&quot;,&quot;camera&quot;:&quot;KODAK EASYSHARE M863 DIGITAL CAMERA&quot;,&quot;caption&quot;:&quot;&quot;,&quot;created_timestamp&quot;:&quot;1541759948&quot;,&quot;copyright&quot;:&quot;&quot;,&quot;focal_length&quot;:&quot;5.7&quot;,&quot;iso&quot;:&quot;64&quot;,&quot;shutter_speed&quot;:&quot;0.001626&quot;,&quot;title&quot;:&quot;&quot;,&quot;orientation&quot;:&quot;1&quot;}\" data-image-title=\"100_0263\" data-image-description=\"\" data-image-caption=\"\" data-large-file=\"https:\/\/eldiariodesanpedro.com.ar\/sitio\/wp-content\/uploads\/2019\/11\/100_0263-1024x683.jpg\" data-src=\"https:\/\/i1.wp.com\/eldiariodesanpedro.com.ar\/sitio\/wp-content\/uploads\/2019\/11\/100_0263.jpg?fit=660%2C440\" alt=\"\" data-id=\"63316\" data-link=\"https:\/\/eldiariodesanpedro.com.ar\/sitio\/?attachment_id=63316\" class=\"wp-image-63316 lazyload\" data-srcset=\"https:\/\/eldiariodesanpedro.com.ar\/sitio\/wp-content\/uploads\/2019\/11\/100_0263.jpg 1800w, https:\/\/eldiariodesanpedro.com.ar\/sitio\/wp-content\/uploads\/2019\/11\/100_0263-300x200.jpg 300w, https:\/\/eldiariodesanpedro.com.ar\/sitio\/wp-content\/uploads\/2019\/11\/100_0263-768x512.jpg 768w, https:\/\/eldiariodesanpedro.com.ar\/sitio\/wp-content\/uploads\/2019\/11\/100_0263-1024x683.jpg 1024w\" data-sizes=\"(max-width: 1800px) 100vw, 1800px\" src=\"data:image\/svg+xml;base64,PHN2ZyB3aWR0aD0iMSIgaGVpZ2h0PSIxIiB4bWxucz0iaHR0cDovL3d3dy53My5vcmcvMjAwMC9zdmciPjwvc3ZnPg==\" style=\"--smush-placeholder-width: 1800px; --smush-placeholder-aspect-ratio: 1800\/1200;\" \/><\/figure><\/li><li class=\"blocks-gallery-item\"><figure><img decoding=\"async\" width=\"1651\" height=\"1200\" data-attachment-id=\"63317\" data-permalink=\"https:\/\/eldiariodesanpedro.com.ar\/sitio\/se-cumplen-18-anos-del-descubrimiento-del-yacimiento-de-campo-sposito-2\/100_0268-1\/\" data-orig-file=\"https:\/\/eldiariodesanpedro.com.ar\/sitio\/wp-content\/uploads\/2019\/11\/100_0268-1.jpg\" data-orig-size=\"1651,1200\" data-comments-opened=\"1\" data-image-meta=\"{&quot;aperture&quot;:&quot;5.5&quot;,&quot;credit&quot;:&quot;&quot;,&quot;camera&quot;:&quot;KODAK EASYSHARE M863 DIGITAL CAMERA&quot;,&quot;caption&quot;:&quot;&quot;,&quot;created_timestamp&quot;:&quot;1541760054&quot;,&quot;copyright&quot;:&quot;&quot;,&quot;focal_length&quot;:&quot;5.7&quot;,&quot;iso&quot;:&quot;64&quot;,&quot;shutter_speed&quot;:&quot;0.002718&quot;,&quot;title&quot;:&quot;&quot;,&quot;orientation&quot;:&quot;1&quot;}\" data-image-title=\"100_0268-1\" data-image-description=\"\" data-image-caption=\"\" data-large-file=\"https:\/\/eldiariodesanpedro.com.ar\/sitio\/wp-content\/uploads\/2019\/11\/100_0268-1-1024x744.jpg\" data-src=\"https:\/\/i1.wp.com\/eldiariodesanpedro.com.ar\/sitio\/wp-content\/uploads\/2019\/11\/100_0268-1.jpg?fit=660%2C480\" alt=\"\" data-id=\"63317\" data-link=\"https:\/\/eldiariodesanpedro.com.ar\/sitio\/?attachment_id=63317\" class=\"wp-image-63317 lazyload\" data-srcset=\"https:\/\/eldiariodesanpedro.com.ar\/sitio\/wp-content\/uploads\/2019\/11\/100_0268-1.jpg 1651w, https:\/\/eldiariodesanpedro.com.ar\/sitio\/wp-content\/uploads\/2019\/11\/100_0268-1-300x218.jpg 300w, https:\/\/eldiariodesanpedro.com.ar\/sitio\/wp-content\/uploads\/2019\/11\/100_0268-1-768x558.jpg 768w, https:\/\/eldiariodesanpedro.com.ar\/sitio\/wp-content\/uploads\/2019\/11\/100_0268-1-1024x744.jpg 1024w\" data-sizes=\"(max-width: 1651px) 100vw, 1651px\" src=\"data:image\/svg+xml;base64,PHN2ZyB3aWR0aD0iMSIgaGVpZ2h0PSIxIiB4bWxucz0iaHR0cDovL3d3dy53My5vcmcvMjAwMC9zdmciPjwvc3ZnPg==\" style=\"--smush-placeholder-width: 1651px; --smush-placeholder-aspect-ratio: 1651\/1200;\" \/><\/figure><\/li><li class=\"blocks-gallery-item\"><figure><img decoding=\"async\" width=\"3840\" height=\"2160\" data-attachment-id=\"63318\" data-permalink=\"https:\/\/eldiariodesanpedro.com.ar\/sitio\/se-cumplen-18-anos-del-descubrimiento-del-yacimiento-de-campo-sposito-2\/img_20181102_142318-1\/\" data-orig-file=\"https:\/\/eldiariodesanpedro.com.ar\/sitio\/wp-content\/uploads\/2019\/11\/IMG_20181102_142318-1.jpg\" data-orig-size=\"3840,2160\" data-comments-opened=\"1\" data-image-meta=\"{&quot;aperture&quot;:&quot;2&quot;,&quot;credit&quot;:&quot;&quot;,&quot;camera&quot;:&quot;LG-X230&quot;,&quot;caption&quot;:&quot;&quot;,&quot;created_timestamp&quot;:&quot;1541168599&quot;,&quot;copyright&quot;:&quot;&quot;,&quot;focal_length&quot;:&quot;3.5&quot;,&quot;iso&quot;:&quot;126&quot;,&quot;shutter_speed&quot;:&quot;0.001901&quot;,&quot;title&quot;:&quot;&quot;,&quot;orientation&quot;:&quot;1&quot;}\" data-image-title=\"IMG_20181102_142318-1\" data-image-description=\"\" data-image-caption=\"\" data-large-file=\"https:\/\/eldiariodesanpedro.com.ar\/sitio\/wp-content\/uploads\/2019\/11\/IMG_20181102_142318-1-1024x576.jpg\" data-src=\"https:\/\/i0.wp.com\/eldiariodesanpedro.com.ar\/sitio\/wp-content\/uploads\/2019\/11\/IMG_20181102_142318-1.jpg?fit=660%2C371\" alt=\"\" data-id=\"63318\" data-link=\"https:\/\/eldiariodesanpedro.com.ar\/sitio\/?attachment_id=63318\" class=\"wp-image-63318 lazyload\" data-srcset=\"https:\/\/eldiariodesanpedro.com.ar\/sitio\/wp-content\/uploads\/2019\/11\/IMG_20181102_142318-1.jpg 3840w, https:\/\/eldiariodesanpedro.com.ar\/sitio\/wp-content\/uploads\/2019\/11\/IMG_20181102_142318-1-300x169.jpg 300w, https:\/\/eldiariodesanpedro.com.ar\/sitio\/wp-content\/uploads\/2019\/11\/IMG_20181102_142318-1-768x432.jpg 768w, https:\/\/eldiariodesanpedro.com.ar\/sitio\/wp-content\/uploads\/2019\/11\/IMG_20181102_142318-1-1024x576.jpg 1024w\" data-sizes=\"(max-width: 3840px) 100vw, 3840px\" src=\"data:image\/svg+xml;base64,PHN2ZyB3aWR0aD0iMSIgaGVpZ2h0PSIxIiB4bWxucz0iaHR0cDovL3d3dy53My5vcmcvMjAwMC9zdmciPjwvc3ZnPg==\" style=\"--smush-placeholder-width: 3840px; --smush-placeholder-aspect-ratio: 3840\/2160;\" \/><\/figure><\/li><li class=\"blocks-gallery-item\"><figure><img decoding=\"async\" width=\"3840\" height=\"2160\" data-attachment-id=\"63319\" data-permalink=\"https:\/\/eldiariodesanpedro.com.ar\/sitio\/se-cumplen-18-anos-del-descubrimiento-del-yacimiento-de-campo-sposito-2\/img_20181115_165912-1\/\" data-orig-file=\"https:\/\/eldiariodesanpedro.com.ar\/sitio\/wp-content\/uploads\/2019\/11\/IMG_20181115_165912-1.jpg\" data-orig-size=\"3840,2160\" data-comments-opened=\"1\" data-image-meta=\"{&quot;aperture&quot;:&quot;2&quot;,&quot;credit&quot;:&quot;&quot;,&quot;camera&quot;:&quot;LG-X230&quot;,&quot;caption&quot;:&quot;&quot;,&quot;created_timestamp&quot;:&quot;1542301152&quot;,&quot;copyright&quot;:&quot;&quot;,&quot;focal_length&quot;:&quot;3.5&quot;,&quot;iso&quot;:&quot;130&quot;,&quot;shutter_speed&quot;:&quot;0.000541&quot;,&quot;title&quot;:&quot;&quot;,&quot;orientation&quot;:&quot;1&quot;}\" data-image-title=\"IMG_20181115_165912-1\" data-image-description=\"\" data-image-caption=\"\" data-large-file=\"https:\/\/eldiariodesanpedro.com.ar\/sitio\/wp-content\/uploads\/2019\/11\/IMG_20181115_165912-1-1024x576.jpg\" data-src=\"https:\/\/i2.wp.com\/eldiariodesanpedro.com.ar\/sitio\/wp-content\/uploads\/2019\/11\/IMG_20181115_165912-1.jpg?fit=660%2C371\" alt=\"\" data-id=\"63319\" data-link=\"https:\/\/eldiariodesanpedro.com.ar\/sitio\/?attachment_id=63319\" class=\"wp-image-63319 lazyload\" data-srcset=\"https:\/\/eldiariodesanpedro.com.ar\/sitio\/wp-content\/uploads\/2019\/11\/IMG_20181115_165912-1.jpg 3840w, https:\/\/eldiariodesanpedro.com.ar\/sitio\/wp-content\/uploads\/2019\/11\/IMG_20181115_165912-1-300x169.jpg 300w, https:\/\/eldiariodesanpedro.com.ar\/sitio\/wp-content\/uploads\/2019\/11\/IMG_20181115_165912-1-768x432.jpg 768w, https:\/\/eldiariodesanpedro.com.ar\/sitio\/wp-content\/uploads\/2019\/11\/IMG_20181115_165912-1-1024x576.jpg 1024w\" data-sizes=\"(max-width: 3840px) 100vw, 3840px\" src=\"data:image\/svg+xml;base64,PHN2ZyB3aWR0aD0iMSIgaGVpZ2h0PSIxIiB4bWxucz0iaHR0cDovL3d3dy53My5vcmcvMjAwMC9zdmciPjwvc3ZnPg==\" style=\"--smush-placeholder-width: 3840px; --smush-placeholder-aspect-ratio: 3840\/2160;\" \/><\/figure><\/li><li class=\"blocks-gallery-item\"><figure><img decoding=\"async\" width=\"3840\" height=\"2160\" data-attachment-id=\"63320\" data-permalink=\"https:\/\/eldiariodesanpedro.com.ar\/sitio\/se-cumplen-18-anos-del-descubrimiento-del-yacimiento-de-campo-sposito-2\/img_20181115_175058\/\" data-orig-file=\"https:\/\/eldiariodesanpedro.com.ar\/sitio\/wp-content\/uploads\/2019\/11\/IMG_20181115_175058.jpg\" data-orig-size=\"3840,2160\" data-comments-opened=\"1\" data-image-meta=\"{&quot;aperture&quot;:&quot;2&quot;,&quot;credit&quot;:&quot;&quot;,&quot;camera&quot;:&quot;LG-X230&quot;,&quot;caption&quot;:&quot;&quot;,&quot;created_timestamp&quot;:&quot;1542304259&quot;,&quot;copyright&quot;:&quot;&quot;,&quot;focal_length&quot;:&quot;3.5&quot;,&quot;iso&quot;:&quot;132&quot;,&quot;shutter_speed&quot;:&quot;0.001795&quot;,&quot;title&quot;:&quot;&quot;,&quot;orientation&quot;:&quot;1&quot;}\" data-image-title=\"IMG_20181115_175058\" data-image-description=\"\" data-image-caption=\"\" data-large-file=\"https:\/\/eldiariodesanpedro.com.ar\/sitio\/wp-content\/uploads\/2019\/11\/IMG_20181115_175058-1024x576.jpg\" data-src=\"https:\/\/i0.wp.com\/eldiariodesanpedro.com.ar\/sitio\/wp-content\/uploads\/2019\/11\/IMG_20181115_175058.jpg?fit=660%2C371\" alt=\"\" data-id=\"63320\" data-link=\"https:\/\/eldiariodesanpedro.com.ar\/sitio\/?attachment_id=63320\" class=\"wp-image-63320 lazyload\" data-srcset=\"https:\/\/eldiariodesanpedro.com.ar\/sitio\/wp-content\/uploads\/2019\/11\/IMG_20181115_175058.jpg 3840w, https:\/\/eldiariodesanpedro.com.ar\/sitio\/wp-content\/uploads\/2019\/11\/IMG_20181115_175058-300x169.jpg 300w, https:\/\/eldiariodesanpedro.com.ar\/sitio\/wp-content\/uploads\/2019\/11\/IMG_20181115_175058-768x432.jpg 768w, https:\/\/eldiariodesanpedro.com.ar\/sitio\/wp-content\/uploads\/2019\/11\/IMG_20181115_175058-1024x576.jpg 1024w\" data-sizes=\"(max-width: 3840px) 100vw, 3840px\" src=\"data:image\/svg+xml;base64,PHN2ZyB3aWR0aD0iMSIgaGVpZ2h0PSIxIiB4bWxucz0iaHR0cDovL3d3dy53My5vcmcvMjAwMC9zdmciPjwvc3ZnPg==\" style=\"--smush-placeholder-width: 3840px; --smush-placeholder-aspect-ratio: 3840\/2160;\" \/><\/figure><\/li><li class=\"blocks-gallery-item\"><figure><img decoding=\"async\" width=\"1280\" height=\"960\" data-attachment-id=\"63321\" data-permalink=\"https:\/\/eldiariodesanpedro.com.ar\/sitio\/se-cumplen-18-anos-del-descubrimiento-del-yacimiento-de-campo-sposito-2\/img-20180709-wa0028\/\" data-orig-file=\"https:\/\/eldiariodesanpedro.com.ar\/sitio\/wp-content\/uploads\/2019\/11\/IMG-20180709-WA0028.jpg\" data-orig-size=\"1280,960\" data-comments-opened=\"1\" data-image-meta=\"{&quot;aperture&quot;:&quot;0&quot;,&quot;credit&quot;:&quot;&quot;,&quot;camera&quot;:&quot;&quot;,&quot;caption&quot;:&quot;&quot;,&quot;created_timestamp&quot;:&quot;0&quot;,&quot;copyright&quot;:&quot;&quot;,&quot;focal_length&quot;:&quot;0&quot;,&quot;iso&quot;:&quot;0&quot;,&quot;shutter_speed&quot;:&quot;0&quot;,&quot;title&quot;:&quot;&quot;,&quot;orientation&quot;:&quot;0&quot;}\" data-image-title=\"IMG-20180709-WA0028\" data-image-description=\"\" data-image-caption=\"\" data-large-file=\"https:\/\/eldiariodesanpedro.com.ar\/sitio\/wp-content\/uploads\/2019\/11\/IMG-20180709-WA0028-1024x768.jpg\" data-src=\"https:\/\/i1.wp.com\/eldiariodesanpedro.com.ar\/sitio\/wp-content\/uploads\/2019\/11\/IMG-20180709-WA0028.jpg?fit=660%2C495\" alt=\"\" data-id=\"63321\" data-link=\"https:\/\/eldiariodesanpedro.com.ar\/sitio\/?attachment_id=63321\" class=\"wp-image-63321 lazyload\" data-srcset=\"https:\/\/eldiariodesanpedro.com.ar\/sitio\/wp-content\/uploads\/2019\/11\/IMG-20180709-WA0028.jpg 1280w, https:\/\/eldiariodesanpedro.com.ar\/sitio\/wp-content\/uploads\/2019\/11\/IMG-20180709-WA0028-300x225.jpg 300w, https:\/\/eldiariodesanpedro.com.ar\/sitio\/wp-content\/uploads\/2019\/11\/IMG-20180709-WA0028-768x576.jpg 768w, https:\/\/eldiariodesanpedro.com.ar\/sitio\/wp-content\/uploads\/2019\/11\/IMG-20180709-WA0028-1024x768.jpg 1024w\" data-sizes=\"(max-width: 1280px) 100vw, 1280px\" src=\"data:image\/svg+xml;base64,PHN2ZyB3aWR0aD0iMSIgaGVpZ2h0PSIxIiB4bWxucz0iaHR0cDovL3d3dy53My5vcmcvMjAwMC9zdmciPjwvc3ZnPg==\" style=\"--smush-placeholder-width: 1280px; --smush-placeholder-aspect-ratio: 1280\/960;\" \/><\/figure><\/li><li class=\"blocks-gallery-item\"><figure><img decoding=\"async\" width=\"960\" height=\"1280\" data-attachment-id=\"63322\" data-permalink=\"https:\/\/eldiariodesanpedro.com.ar\/sitio\/se-cumplen-18-anos-del-descubrimiento-del-yacimiento-de-campo-sposito-2\/img-20180709-wa0030-1\/\" data-orig-file=\"https:\/\/eldiariodesanpedro.com.ar\/sitio\/wp-content\/uploads\/2019\/11\/IMG-20180709-WA0030-1.jpg\" data-orig-size=\"960,1280\" data-comments-opened=\"1\" data-image-meta=\"{&quot;aperture&quot;:&quot;0&quot;,&quot;credit&quot;:&quot;&quot;,&quot;camera&quot;:&quot;&quot;,&quot;caption&quot;:&quot;&quot;,&quot;created_timestamp&quot;:&quot;0&quot;,&quot;copyright&quot;:&quot;&quot;,&quot;focal_length&quot;:&quot;0&quot;,&quot;iso&quot;:&quot;0&quot;,&quot;shutter_speed&quot;:&quot;0&quot;,&quot;title&quot;:&quot;&quot;,&quot;orientation&quot;:&quot;0&quot;}\" data-image-title=\"IMG-20180709-WA0030-1\" data-image-description=\"\" data-image-caption=\"\" data-large-file=\"https:\/\/eldiariodesanpedro.com.ar\/sitio\/wp-content\/uploads\/2019\/11\/IMG-20180709-WA0030-1-768x1024.jpg\" data-src=\"https:\/\/i2.wp.com\/eldiariodesanpedro.com.ar\/sitio\/wp-content\/uploads\/2019\/11\/IMG-20180709-WA0030-1.jpg?fit=660%2C880\" alt=\"\" data-id=\"63322\" data-link=\"https:\/\/eldiariodesanpedro.com.ar\/sitio\/?attachment_id=63322\" class=\"wp-image-63322 lazyload\" data-srcset=\"https:\/\/eldiariodesanpedro.com.ar\/sitio\/wp-content\/uploads\/2019\/11\/IMG-20180709-WA0030-1.jpg 960w, https:\/\/eldiariodesanpedro.com.ar\/sitio\/wp-content\/uploads\/2019\/11\/IMG-20180709-WA0030-1-225x300.jpg 225w, https:\/\/eldiariodesanpedro.com.ar\/sitio\/wp-content\/uploads\/2019\/11\/IMG-20180709-WA0030-1-768x1024.jpg 768w\" data-sizes=\"(max-width: 960px) 100vw, 960px\" src=\"data:image\/svg+xml;base64,PHN2ZyB3aWR0aD0iMSIgaGVpZ2h0PSIxIiB4bWxucz0iaHR0cDovL3d3dy53My5vcmcvMjAwMC9zdmciPjwvc3ZnPg==\" style=\"--smush-placeholder-width: 960px; --smush-placeholder-aspect-ratio: 960\/1280;\" \/><\/figure><\/li><li class=\"blocks-gallery-item\"><figure><img decoding=\"async\" width=\"1280\" height=\"721\" data-attachment-id=\"63323\" data-permalink=\"https:\/\/eldiariodesanpedro.com.ar\/sitio\/se-cumplen-18-anos-del-descubrimiento-del-yacimiento-de-campo-sposito-2\/img-20180910-wa0057-1\/\" data-orig-file=\"https:\/\/eldiariodesanpedro.com.ar\/sitio\/wp-content\/uploads\/2019\/11\/IMG-20180910-WA0057-1.jpg\" data-orig-size=\"1280,721\" data-comments-opened=\"1\" data-image-meta=\"{&quot;aperture&quot;:&quot;0&quot;,&quot;credit&quot;:&quot;&quot;,&quot;camera&quot;:&quot;&quot;,&quot;caption&quot;:&quot;&quot;,&quot;created_timestamp&quot;:&quot;0&quot;,&quot;copyright&quot;:&quot;&quot;,&quot;focal_length&quot;:&quot;0&quot;,&quot;iso&quot;:&quot;0&quot;,&quot;shutter_speed&quot;:&quot;0&quot;,&quot;title&quot;:&quot;&quot;,&quot;orientation&quot;:&quot;0&quot;}\" data-image-title=\"IMG-20180910-WA0057-1\" data-image-description=\"\" data-image-caption=\"\" data-large-file=\"https:\/\/eldiariodesanpedro.com.ar\/sitio\/wp-content\/uploads\/2019\/11\/IMG-20180910-WA0057-1-1024x577.jpg\" data-src=\"https:\/\/i0.wp.com\/eldiariodesanpedro.com.ar\/sitio\/wp-content\/uploads\/2019\/11\/IMG-20180910-WA0057-1.jpg?fit=660%2C372\" alt=\"\" data-id=\"63323\" data-link=\"https:\/\/eldiariodesanpedro.com.ar\/sitio\/?attachment_id=63323\" class=\"wp-image-63323 lazyload\" data-srcset=\"https:\/\/eldiariodesanpedro.com.ar\/sitio\/wp-content\/uploads\/2019\/11\/IMG-20180910-WA0057-1.jpg 1280w, https:\/\/eldiariodesanpedro.com.ar\/sitio\/wp-content\/uploads\/2019\/11\/IMG-20180910-WA0057-1-300x169.jpg 300w, https:\/\/eldiariodesanpedro.com.ar\/sitio\/wp-content\/uploads\/2019\/11\/IMG-20180910-WA0057-1-768x433.jpg 768w, https:\/\/eldiariodesanpedro.com.ar\/sitio\/wp-content\/uploads\/2019\/11\/IMG-20180910-WA0057-1-1024x577.jpg 1024w\" data-sizes=\"(max-width: 1280px) 100vw, 1280px\" src=\"data:image\/svg+xml;base64,PHN2ZyB3aWR0aD0iMSIgaGVpZ2h0PSIxIiB4bWxucz0iaHR0cDovL3d3dy53My5vcmcvMjAwMC9zdmciPjwvc3ZnPg==\" style=\"--smush-placeholder-width: 1280px; --smush-placeholder-aspect-ratio: 1280\/721;\" \/><\/figure><\/li><li class=\"blocks-gallery-item\"><figure><img decoding=\"async\" width=\"1280\" height=\"721\" data-attachment-id=\"63324\" data-permalink=\"https:\/\/eldiariodesanpedro.com.ar\/sitio\/se-cumplen-18-anos-del-descubrimiento-del-yacimiento-de-campo-sposito-2\/img-20180923-wa0008\/\" data-orig-file=\"https:\/\/eldiariodesanpedro.com.ar\/sitio\/wp-content\/uploads\/2019\/11\/IMG-20180923-WA0008.jpg\" data-orig-size=\"1280,721\" data-comments-opened=\"1\" data-image-meta=\"{&quot;aperture&quot;:&quot;0&quot;,&quot;credit&quot;:&quot;&quot;,&quot;camera&quot;:&quot;&quot;,&quot;caption&quot;:&quot;&quot;,&quot;created_timestamp&quot;:&quot;0&quot;,&quot;copyright&quot;:&quot;&quot;,&quot;focal_length&quot;:&quot;0&quot;,&quot;iso&quot;:&quot;0&quot;,&quot;shutter_speed&quot;:&quot;0&quot;,&quot;title&quot;:&quot;&quot;,&quot;orientation&quot;:&quot;0&quot;}\" data-image-title=\"IMG-20180923-WA0008\" data-image-description=\"\" data-image-caption=\"\" data-large-file=\"https:\/\/eldiariodesanpedro.com.ar\/sitio\/wp-content\/uploads\/2019\/11\/IMG-20180923-WA0008-1024x577.jpg\" data-src=\"https:\/\/i0.wp.com\/eldiariodesanpedro.com.ar\/sitio\/wp-content\/uploads\/2019\/11\/IMG-20180923-WA0008.jpg?fit=660%2C372\" alt=\"\" data-id=\"63324\" data-link=\"https:\/\/eldiariodesanpedro.com.ar\/sitio\/?attachment_id=63324\" class=\"wp-image-63324 lazyload\" data-srcset=\"https:\/\/eldiariodesanpedro.com.ar\/sitio\/wp-content\/uploads\/2019\/11\/IMG-20180923-WA0008.jpg 1280w, https:\/\/eldiariodesanpedro.com.ar\/sitio\/wp-content\/uploads\/2019\/11\/IMG-20180923-WA0008-300x169.jpg 300w, https:\/\/eldiariodesanpedro.com.ar\/sitio\/wp-content\/uploads\/2019\/11\/IMG-20180923-WA0008-768x433.jpg 768w, https:\/\/eldiariodesanpedro.com.ar\/sitio\/wp-content\/uploads\/2019\/11\/IMG-20180923-WA0008-1024x577.jpg 1024w\" data-sizes=\"(max-width: 1280px) 100vw, 1280px\" src=\"data:image\/svg+xml;base64,PHN2ZyB3aWR0aD0iMSIgaGVpZ2h0PSIxIiB4bWxucz0iaHR0cDovL3d3dy53My5vcmcvMjAwMC9zdmciPjwvc3ZnPg==\" style=\"--smush-placeholder-width: 1280px; --smush-placeholder-aspect-ratio: 1280\/721;\" \/><\/figure><\/li><\/ul>\n","protected":false},"excerpt":{"rendered":"<p>El\u00a03 de noviembre de 2001\u00a0el Grupo Conservacionista de F\u00f3siles descubr\u00eda, oficialmente, el yacimiento paleontol\u00f3gico con mayor concentraci\u00f3n de f\u00f3siles del norte bonaerense. El lugar, ubicado en un sector del campo de la firma\u00a0Sp\u00f3sito S.A., est\u00e1 en pleno Bajo del Tala, partido de San Pedro, a unos 10 km de la ciudad.Desde algunos a\u00f1os atr\u00e1s, trabajadores [&hellip;]<\/p>\n","protected":false},"author":4,"featured_media":63317,"comment_status":"open","ping_status":"closed","sticky":false,"template":"","format":"standard","meta":{"om_disable_all_campaigns":false,"_jetpack_memberships_contains_paid_content":false,"footnotes":""},"categories":[2,103],"tags":[],"class_list":["post-63315","post","type-post","status-publish","format-standard","has-post-thumbnail","hentry","category-locales","category-policiales-locales"],"aioseo_notices":[],"gutentor_comment":0,"jetpack_featured_media_url":"https:\/\/eldiariodesanpedro.com.ar\/sitio\/wp-content\/uploads\/2019\/11\/100_0268-1.jpg","jetpack_shortlink":"https:\/\/wp.me\/p6RhLt-gtd","jetpack_sharing_enabled":true,"_links":{"self":[{"href":"https:\/\/eldiariodesanpedro.com.ar\/sitio\/wp-json\/wp\/v2\/posts\/63315","targetHints":{"allow":["GET"]}}],"collection":[{"href":"https:\/\/eldiariodesanpedro.com.ar\/sitio\/wp-json\/wp\/v2\/posts"}],"about":[{"href":"https:\/\/eldiariodesanpedro.com.ar\/sitio\/wp-json\/wp\/v2\/types\/post"}],"author":[{"embeddable":true,"href":"https:\/\/eldiariodesanpedro.com.ar\/sitio\/wp-json\/wp\/v2\/users\/4"}],"replies":[{"embeddable":true,"href":"https:\/\/eldiariodesanpedro.com.ar\/sitio\/wp-json\/wp\/v2\/comments?post=63315"}],"version-history":[{"count":1,"href":"https:\/\/eldiariodesanpedro.com.ar\/sitio\/wp-json\/wp\/v2\/posts\/63315\/revisions"}],"predecessor-version":[{"id":63325,"href":"https:\/\/eldiariodesanpedro.com.ar\/sitio\/wp-json\/wp\/v2\/posts\/63315\/revisions\/63325"}],"wp:featuredmedia":[{"embeddable":true,"href":"https:\/\/eldiariodesanpedro.com.ar\/sitio\/wp-json\/wp\/v2\/media\/63317"}],"wp:attachment":[{"href":"https:\/\/eldiariodesanpedro.com.ar\/sitio\/wp-json\/wp\/v2\/media?parent=63315"}],"wp:term":[{"taxonomy":"category","embeddable":true,"href":"https:\/\/eldiariodesanpedro.com.ar\/sitio\/wp-json\/wp\/v2\/categories?post=63315"},{"taxonomy":"post_tag","embeddable":true,"href":"https:\/\/eldiariodesanpedro.com.ar\/sitio\/wp-json\/wp\/v2\/tags?post=63315"}],"curies":[{"name":"wp","href":"https:\/\/api.w.org\/{rel}","templated":true}]}}