{"id":63296,"date":"2019-11-03T14:07:11","date_gmt":"2019-11-03T17:07:11","guid":{"rendered":"https:\/\/eldiariodesanpedro.com.ar\/sitio\/?p=63296"},"modified":"2019-11-03T19:36:27","modified_gmt":"2019-11-03T22:36:27","slug":"dos-heridos-graves-tras-una-rina-a-cuchillazos","status":"publish","type":"post","link":"https:\/\/eldiariodesanpedro.com.ar\/sitio\/dos-heridos-graves-tras-una-rina-a-cuchillazos\/","title":{"rendered":"Dos heridos graves tras una ri\u00f1a a cuchillazos"},"content":{"rendered":"<!-- VideographyWP Plugin Message: Automatic video embedding prevented by plugin options. -->\n\n<p>En horas de la madrugada, en Cruz Roja entre G\u00fcemes y Balcarce, se aprehende a masculino mayor de edad en fuga, siendo sindicado por testigos como protagonista de una ri\u00f1a, en la que resulta lesionado otro masculino mayor de edad.&nbsp;<\/p>\n\n\n\n<p>Como resultado ambos sujetos se agreden con armas blancas, siendo trasladados al Hospital local, permaneciendo ambos internados con lesiones de gravedad que ponen en riesgo su vida.<\/p>\n\n\n\n<p>Ocurri\u00f3 esta noche de s\u00e1bado tras el accidente que se produjo donde una patrulla volc\u00f3, un delincuente quiso robar aparentemente las pertenencias del patrullero que estaba dado vuelta en ese momento se encontraba un vecino quien llam\u00f3 la atenci\u00f3n con un\u00a0 grit\u00f3 para que detuviese su actitud, el delincuente emprendi\u00f3 contra est\u00e1 la persona que puesto en sobreaviso a la polic\u00eda y le asest\u00f3 dos pu\u00f1aladas a nivel del t\u00f3rax y tres pu\u00f1aladas a nivel de la cabeza cr\u00e1neo en el intercambio en ladr\u00f3n recibido una pu\u00f1alada en hemit\u00f3rax izquierdo los dos est\u00e1n con cuadro Severo internado en el hospital con tubo de t\u00f3rax en estado grave.<\/p>\n","protected":false},"excerpt":{"rendered":"<p>En horas de la madrugada, en Cruz Roja entre G\u00fcemes y Balcarce, se aprehende a masculino mayor de edad en fuga, siendo sindicado por testigos como protagonista de una ri\u00f1a, en la que resulta lesionado otro masculino mayor de edad.&nbsp; Como resultado ambos sujetos se agreden con armas blancas, siendo trasladados al Hospital local, permaneciendo [&hellip;]<\/p>\n","protected":false},"author":4,"featured_media":62910,"comment_status":"open","ping_status":"closed","sticky":false,"template":"","format":"standard","meta":{"om_disable_all_campaigns":false,"_jetpack_memberships_contains_paid_content":false,"footnotes":""},"categories":[50,2,103],"tags":[],"class_list":["post-63296","post","type-post","status-publish","format-standard","has-post-thumbnail","hentry","category-destacadas","category-locales","category-policiales-locales"],"aioseo_notices":[],"gutentor_comment":0,"jetpack_featured_media_url":"https:\/\/eldiariodesanpedro.com.ar\/sitio\/wp-content\/uploads\/2019\/10\/guardia-2-940x528_0.jpg","jetpack_shortlink":"https:\/\/wp.me\/p6RhLt-gsU","jetpack_sharing_enabled":true,"_links":{"self":[{"href":"https:\/\/eldiariodesanpedro.com.ar\/sitio\/wp-json\/wp\/v2\/posts\/63296","targetHints":{"allow":["GET"]}}],"collection":[{"href":"https:\/\/eldiariodesanpedro.com.ar\/sitio\/wp-json\/wp\/v2\/posts"}],"about":[{"href":"https:\/\/eldiariodesanpedro.com.ar\/sitio\/wp-json\/wp\/v2\/types\/post"}],"author":[{"embeddable":true,"href":"https:\/\/eldiariodesanpedro.com.ar\/sitio\/wp-json\/wp\/v2\/users\/4"}],"replies":[{"embeddable":true,"href":"https:\/\/eldiariodesanpedro.com.ar\/sitio\/wp-json\/wp\/v2\/comments?post=63296"}],"version-history":[{"count":1,"href":"https:\/\/eldiariodesanpedro.com.ar\/sitio\/wp-json\/wp\/v2\/posts\/63296\/revisions"}],"predecessor-version":[{"id":63297,"href":"https:\/\/eldiariodesanpedro.com.ar\/sitio\/wp-json\/wp\/v2\/posts\/63296\/revisions\/63297"}],"wp:featuredmedia":[{"embeddable":true,"href":"https:\/\/eldiariodesanpedro.com.ar\/sitio\/wp-json\/wp\/v2\/media\/62910"}],"wp:attachment":[{"href":"https:\/\/eldiariodesanpedro.com.ar\/sitio\/wp-json\/wp\/v2\/media?parent=63296"}],"wp:term":[{"taxonomy":"category","embeddable":true,"href":"https:\/\/eldiariodesanpedro.com.ar\/sitio\/wp-json\/wp\/v2\/categories?post=63296"},{"taxonomy":"post_tag","embeddable":true,"href":"https:\/\/eldiariodesanpedro.com.ar\/sitio\/wp-json\/wp\/v2\/tags?post=63296"}],"curies":[{"name":"wp","href":"https:\/\/api.w.org\/{rel}","templated":true}]}}