{"id":63292,"date":"2019-11-03T13:34:03","date_gmt":"2019-11-03T16:34:03","guid":{"rendered":"https:\/\/eldiariodesanpedro.com.ar\/sitio\/?p=63292"},"modified":"2019-11-03T13:34:07","modified_gmt":"2019-11-03T16:34:07","slug":"delincuentes-roban-chapas-en-obra-en-construccion","status":"publish","type":"post","link":"https:\/\/eldiariodesanpedro.com.ar\/sitio\/delincuentes-roban-chapas-en-obra-en-construccion\/","title":{"rendered":"Delincuentes roban chapas en obra en construcci\u00f3n"},"content":{"rendered":"<!-- VideographyWP Plugin Message: Automatic video embedding prevented by plugin options. -->\n\n<p>\n\nEste s\u00e1bado se recibi\u00f3 la denuncia en la comisar\u00eda local por parte de vecino que es propietario de obra en construcci\u00f3n ubicado en calle Crucero Gral Belgrano y Ruta 1001, constatando que ignorados sin violencia, le sustrajeron 15 chapas. \n\n<\/p>\n","protected":false},"excerpt":{"rendered":"<p>Este s\u00e1bado se recibi\u00f3 la denuncia en la comisar\u00eda local por parte de vecino que es propietario de obra en construcci\u00f3n ubicado en calle Crucero Gral Belgrano y Ruta 1001, constatando que ignorados sin violencia, le sustrajeron 15 chapas.<\/p>\n","protected":false},"author":4,"featured_media":62530,"comment_status":"open","ping_status":"closed","sticky":false,"template":"","format":"standard","meta":{"om_disable_all_campaigns":false,"_jetpack_memberships_contains_paid_content":false,"footnotes":""},"categories":[2,103],"tags":[],"class_list":["post-63292","post","type-post","status-publish","format-standard","has-post-thumbnail","hentry","category-locales","category-policiales-locales"],"aioseo_notices":[],"gutentor_comment":0,"jetpack_featured_media_url":"https:\/\/eldiariodesanpedro.com.ar\/sitio\/wp-content\/uploads\/2019\/10\/patrullero-policia_9.jpg","jetpack_shortlink":"https:\/\/wp.me\/p6RhLt-gsQ","jetpack_sharing_enabled":true,"_links":{"self":[{"href":"https:\/\/eldiariodesanpedro.com.ar\/sitio\/wp-json\/wp\/v2\/posts\/63292","targetHints":{"allow":["GET"]}}],"collection":[{"href":"https:\/\/eldiariodesanpedro.com.ar\/sitio\/wp-json\/wp\/v2\/posts"}],"about":[{"href":"https:\/\/eldiariodesanpedro.com.ar\/sitio\/wp-json\/wp\/v2\/types\/post"}],"author":[{"embeddable":true,"href":"https:\/\/eldiariodesanpedro.com.ar\/sitio\/wp-json\/wp\/v2\/users\/4"}],"replies":[{"embeddable":true,"href":"https:\/\/eldiariodesanpedro.com.ar\/sitio\/wp-json\/wp\/v2\/comments?post=63292"}],"version-history":[{"count":1,"href":"https:\/\/eldiariodesanpedro.com.ar\/sitio\/wp-json\/wp\/v2\/posts\/63292\/revisions"}],"predecessor-version":[{"id":63293,"href":"https:\/\/eldiariodesanpedro.com.ar\/sitio\/wp-json\/wp\/v2\/posts\/63292\/revisions\/63293"}],"wp:featuredmedia":[{"embeddable":true,"href":"https:\/\/eldiariodesanpedro.com.ar\/sitio\/wp-json\/wp\/v2\/media\/62530"}],"wp:attachment":[{"href":"https:\/\/eldiariodesanpedro.com.ar\/sitio\/wp-json\/wp\/v2\/media?parent=63292"}],"wp:term":[{"taxonomy":"category","embeddable":true,"href":"https:\/\/eldiariodesanpedro.com.ar\/sitio\/wp-json\/wp\/v2\/categories?post=63292"},{"taxonomy":"post_tag","embeddable":true,"href":"https:\/\/eldiariodesanpedro.com.ar\/sitio\/wp-json\/wp\/v2\/tags?post=63292"}],"curies":[{"name":"wp","href":"https:\/\/api.w.org\/{rel}","templated":true}]}}