{"id":63290,"date":"2019-11-03T13:23:48","date_gmt":"2019-11-03T16:23:48","guid":{"rendered":"https:\/\/eldiariodesanpedro.com.ar\/sitio\/?p=63290"},"modified":"2019-11-03T13:23:53","modified_gmt":"2019-11-03T16:23:53","slug":"un-aprehendido-por-robo-de-celular","status":"publish","type":"post","link":"https:\/\/eldiariodesanpedro.com.ar\/sitio\/un-aprehendido-por-robo-de-celular\/","title":{"rendered":"Un aprehendido por robo de celular"},"content":{"rendered":"<!-- VideographyWP Plugin Message: Automatic video embedding prevented by plugin options. -->\n\n<p>\n\nEste s\u00e1bado en horas de la noche en Boulevard Moreno sin n\u00famero, se procede aprehensi\u00f3n en fuga de masculino mayor de edad, quien momentos antes habr\u00eda sustra\u00eddo tel\u00e9fono celular a femenina, estableci\u00e9ndose luego en declaraci\u00f3n que tambi\u00e9n le hab\u00eda da\u00f1ado la motocicleta y amenazado de muerte a la v\u00edctima del delito. \n\n<\/p>\n","protected":false},"excerpt":{"rendered":"<p>Este s\u00e1bado en horas de la noche en Boulevard Moreno sin n\u00famero, se procede aprehensi\u00f3n en fuga de masculino mayor de edad, quien momentos antes habr\u00eda sustra\u00eddo tel\u00e9fono celular a femenina, estableci\u00e9ndose luego en declaraci\u00f3n que tambi\u00e9n le hab\u00eda da\u00f1ado la motocicleta y amenazado de muerte a la v\u00edctima del delito.<\/p>\n","protected":false},"author":4,"featured_media":63080,"comment_status":"open","ping_status":"closed","sticky":false,"template":"","format":"standard","meta":{"om_disable_all_campaigns":false,"_jetpack_memberships_contains_paid_content":false,"footnotes":""},"categories":[2,103],"tags":[],"class_list":["post-63290","post","type-post","status-publish","format-standard","has-post-thumbnail","hentry","category-locales","category-policiales-locales"],"aioseo_notices":[],"gutentor_comment":0,"jetpack_featured_media_url":"https:\/\/eldiariodesanpedro.com.ar\/sitio\/wp-content\/uploads\/2019\/10\/73323790_1116683925207412_6492102063021883392_n.jpg","jetpack_shortlink":"https:\/\/wp.me\/p6RhLt-gsO","jetpack_sharing_enabled":true,"_links":{"self":[{"href":"https:\/\/eldiariodesanpedro.com.ar\/sitio\/wp-json\/wp\/v2\/posts\/63290","targetHints":{"allow":["GET"]}}],"collection":[{"href":"https:\/\/eldiariodesanpedro.com.ar\/sitio\/wp-json\/wp\/v2\/posts"}],"about":[{"href":"https:\/\/eldiariodesanpedro.com.ar\/sitio\/wp-json\/wp\/v2\/types\/post"}],"author":[{"embeddable":true,"href":"https:\/\/eldiariodesanpedro.com.ar\/sitio\/wp-json\/wp\/v2\/users\/4"}],"replies":[{"embeddable":true,"href":"https:\/\/eldiariodesanpedro.com.ar\/sitio\/wp-json\/wp\/v2\/comments?post=63290"}],"version-history":[{"count":1,"href":"https:\/\/eldiariodesanpedro.com.ar\/sitio\/wp-json\/wp\/v2\/posts\/63290\/revisions"}],"predecessor-version":[{"id":63291,"href":"https:\/\/eldiariodesanpedro.com.ar\/sitio\/wp-json\/wp\/v2\/posts\/63290\/revisions\/63291"}],"wp:featuredmedia":[{"embeddable":true,"href":"https:\/\/eldiariodesanpedro.com.ar\/sitio\/wp-json\/wp\/v2\/media\/63080"}],"wp:attachment":[{"href":"https:\/\/eldiariodesanpedro.com.ar\/sitio\/wp-json\/wp\/v2\/media?parent=63290"}],"wp:term":[{"taxonomy":"category","embeddable":true,"href":"https:\/\/eldiariodesanpedro.com.ar\/sitio\/wp-json\/wp\/v2\/categories?post=63290"},{"taxonomy":"post_tag","embeddable":true,"href":"https:\/\/eldiariodesanpedro.com.ar\/sitio\/wp-json\/wp\/v2\/tags?post=63290"}],"curies":[{"name":"wp","href":"https:\/\/api.w.org\/{rel}","templated":true}]}}