{"id":63287,"date":"2019-11-03T13:17:44","date_gmt":"2019-11-03T16:17:44","guid":{"rendered":"https:\/\/eldiariodesanpedro.com.ar\/sitio\/?p=63287"},"modified":"2019-11-03T13:17:48","modified_gmt":"2019-11-03T16:17:48","slug":"ultima-feria-del-ano","status":"publish","type":"post","link":"https:\/\/eldiariodesanpedro.com.ar\/sitio\/ultima-feria-del-ano\/","title":{"rendered":"\u00daltima feria del a\u00f1o"},"content":{"rendered":"<!-- VideographyWP Plugin Message: Automatic video embedding prevented by plugin options. -->\n\n<p><strong><em>Frutos de la tierra y el r\u00edo tendr\u00e1 su sexta y \u00faltima edici\u00f3n, en un a\u00f1o que sum\u00f3 una fecha m\u00e1s a su agenda. Adem\u00e1s de la oferta productiva de la \u00e9poca, grandes y chicos podr\u00e1n participar de un juego que invita a repensarnos sobre la alimentaci\u00f3n saludable. Tambi\u00e9n estar\u00e1 la posibilidad de conocer las propuestas de Conciencia Ecol\u00f3gica, ocupada de aportar a la mirada ambiental de San Pedro.<\/em><\/strong><\/p>\n\n\n\n<p>La agenda se fij\u00f3 a principios de a\u00f1o y desafi\u00f3 incorporar una fecha m\u00e1s a las tradicionales 5 que ven\u00eda proponiendo en los \u00faltimos 3 a\u00f1os. Parec\u00eda dif\u00edcil y el tranco lo fue m\u00e1s al principio, que tuvo una seguidilla en marzo, abril y mayo. Este s\u00e1bado 9 de noviembre adem\u00e1s, se prolongar\u00e1 hasta las 19 hs, aprovechando los d\u00edas m\u00e1s extensos.<\/p>\n\n\n\n<p>A la tradicional oferta que cada uno ya conoce y se organiza para aprovisionar, en esta ocasi\u00f3n se sumar\u00e1 una familia local que produce de manera agroecol\u00f3gica distintas hortalizas y que tiene un circuito de entrega semanal de bolsones variados con sus productos y de otros con la misma filosof\u00eda. Como invitados, estar\u00e1 un grupo de la escuela 3 de R\u00edo Tala que traer\u00e1 naranjas para que haya fruta. Tambi\u00e9n habr\u00e1 un sinf\u00edn de plantines para la huerta, tomates de todo tipo, color y tama\u00f1o, hortalizas de hojas y arom\u00e1ticas. Los dulces de siempre, la miel, los derivados de la apicultura. Y tambi\u00e9n la propuesta de crasas y cactus, plantines forestales, otras plantas de jard\u00edn, as\u00ed como los productos de las hilanderas que cada edici\u00f3n mejoran a\u00fan m\u00e1s la calidad y oferta de productos.<\/p>\n\n\n\n<p>Aprovechando que el a\u00f1o est\u00e1 llegando a su fin, junto al Programa Prohuerta, la propuesta es jugar a \u201cComer rico y sano\u201d. A las 11 hs, quienes est\u00e9n dando su vuelta por la feria, podr\u00e1n participar de un juego que propone tres claves fundamentales en una alimentaci\u00f3n saludable: comer local, comer sano y saber comer. Quienes participen, al final tendr\u00e1n su premio.<\/p>\n\n\n\n<p>Finalmente, y como cada encuentro de este a\u00f1o, Conciencia Ecol\u00f3gica seguir\u00e1 machacando la sensibilidad de sampedrinos y visitantes, en torno a los ejes que ocupan sus actuales campa\u00f1as como el patrimonio natural de San Pedro y el corredor del delta, y la gesti\u00f3n integral de residuos s\u00f3lidos urbanos. Sobre esto \u00faltimo brindar\u00e1n informaci\u00f3n y asesoramiento sobre reciclar, reducir el consumo, econom\u00eda circular, separaci\u00f3n en origen. Tambi\u00e9n estar\u00e1n con las campa\u00f1as que ya tienen m\u00e1s de dos a\u00f1os sobre los puntos verdes y los ecoladrillos 100% pl\u00e1sticos. Tambi\u00e9n esperan incorporar un nuevo proyecto ese d\u00eda.\n\n<\/p>\n","protected":false},"excerpt":{"rendered":"<p>Frutos de la tierra y el r\u00edo tendr\u00e1 su sexta y \u00faltima edici\u00f3n, en un a\u00f1o que sum\u00f3 una fecha m\u00e1s a su agenda. Adem\u00e1s de la oferta productiva de la \u00e9poca, grandes y chicos podr\u00e1n participar de un juego que invita a repensarnos sobre la alimentaci\u00f3n saludable. Tambi\u00e9n estar\u00e1 la posibilidad de conocer las [&hellip;]<\/p>\n","protected":false},"author":4,"featured_media":63288,"comment_status":"open","ping_status":"closed","sticky":false,"template":"","format":"standard","meta":{"om_disable_all_campaigns":false,"_jetpack_memberships_contains_paid_content":false,"footnotes":""},"categories":[101,2],"tags":[],"class_list":["post-63287","post","type-post","status-publish","format-standard","has-post-thumbnail","hentry","category-interes-general-locales","category-locales"],"aioseo_notices":[],"gutentor_comment":0,"jetpack_featured_media_url":"https:\/\/eldiariodesanpedro.com.ar\/sitio\/wp-content\/uploads\/2019\/11\/677272d3-583f-4a2b-8be8-4893eb7c1d6d.png","jetpack_shortlink":"https:\/\/wp.me\/p6RhLt-gsL","jetpack_sharing_enabled":true,"_links":{"self":[{"href":"https:\/\/eldiariodesanpedro.com.ar\/sitio\/wp-json\/wp\/v2\/posts\/63287","targetHints":{"allow":["GET"]}}],"collection":[{"href":"https:\/\/eldiariodesanpedro.com.ar\/sitio\/wp-json\/wp\/v2\/posts"}],"about":[{"href":"https:\/\/eldiariodesanpedro.com.ar\/sitio\/wp-json\/wp\/v2\/types\/post"}],"author":[{"embeddable":true,"href":"https:\/\/eldiariodesanpedro.com.ar\/sitio\/wp-json\/wp\/v2\/users\/4"}],"replies":[{"embeddable":true,"href":"https:\/\/eldiariodesanpedro.com.ar\/sitio\/wp-json\/wp\/v2\/comments?post=63287"}],"version-history":[{"count":1,"href":"https:\/\/eldiariodesanpedro.com.ar\/sitio\/wp-json\/wp\/v2\/posts\/63287\/revisions"}],"predecessor-version":[{"id":63289,"href":"https:\/\/eldiariodesanpedro.com.ar\/sitio\/wp-json\/wp\/v2\/posts\/63287\/revisions\/63289"}],"wp:featuredmedia":[{"embeddable":true,"href":"https:\/\/eldiariodesanpedro.com.ar\/sitio\/wp-json\/wp\/v2\/media\/63288"}],"wp:attachment":[{"href":"https:\/\/eldiariodesanpedro.com.ar\/sitio\/wp-json\/wp\/v2\/media?parent=63287"}],"wp:term":[{"taxonomy":"category","embeddable":true,"href":"https:\/\/eldiariodesanpedro.com.ar\/sitio\/wp-json\/wp\/v2\/categories?post=63287"},{"taxonomy":"post_tag","embeddable":true,"href":"https:\/\/eldiariodesanpedro.com.ar\/sitio\/wp-json\/wp\/v2\/tags?post=63287"}],"curies":[{"name":"wp","href":"https:\/\/api.w.org\/{rel}","templated":true}]}}