{"id":6305,"date":"2016-07-25T18:41:01","date_gmt":"2016-07-25T21:41:01","guid":{"rendered":"https:\/\/eldiariodesanpedro.com.ar\/sitio\/?p=6305"},"modified":"2016-07-25T18:41:01","modified_gmt":"2016-07-25T21:41:01","slug":"robo-en-una-finca-del-paraje-la-bolsa","status":"publish","type":"post","link":"https:\/\/eldiariodesanpedro.com.ar\/sitio\/robo-en-una-finca-del-paraje-la-bolsa\/","title":{"rendered":"Robo en una finca del paraje La Bolsa"},"content":{"rendered":"<p><!-- VideographyWP Plugin Message: Automatic video embedding prevented by plugin options. --><br \/>\nEl hecho ocurri\u00f3 el s\u00e1bado en la estancia La base, ubicada en el Cuartel IXX, a unos 17 km aproximadamente de la localidad de Santa Luc\u00eda.<br \/>\nEn ese lugar, cuando sus moradores no se hallaban, delincuentes perpetraron un robo en la propiedad. Tras romper un candado, ingresaron al galp\u00f3n ubicado en el predio y se llevaron herramientas, en tanto que tambi\u00e9n entraron a la casa y sustrajeron una cantidad no precisada de dinero en efectivo y dos armas de fuego tipo escopeta.<br \/>\nInterviene la UFI N\u00b0 11, San Pedro.<\/p>\n","protected":false},"excerpt":{"rendered":"<p>El hecho ocurri\u00f3 el s\u00e1bado en la estancia La base, ubicada en el Cuartel IXX, a unos 17 km aproximadamente de la localidad de Santa Luc\u00eda. En ese lugar, cuando sus moradores no se hallaban, delincuentes perpetraron un robo en la propiedad. Tras romper un candado, ingresaron al galp\u00f3n ubicado en el predio y se [&hellip;]<\/p>\n","protected":false},"author":4,"featured_media":5165,"comment_status":"open","ping_status":"closed","sticky":false,"template":"","format":"standard","meta":{"om_disable_all_campaigns":false,"_jetpack_memberships_contains_paid_content":false,"footnotes":""},"categories":[2,103],"tags":[],"class_list":["post-6305","post","type-post","status-publish","format-standard","has-post-thumbnail","hentry","category-locales","category-policiales-locales"],"aioseo_notices":[],"gutentor_comment":0,"jetpack_featured_media_url":"https:\/\/eldiariodesanpedro.com.ar\/sitio\/wp-content\/uploads\/2016\/06\/policia-rural.jpg","jetpack_shortlink":"https:\/\/wp.me\/p6RhLt-1DH","jetpack_sharing_enabled":true,"_links":{"self":[{"href":"https:\/\/eldiariodesanpedro.com.ar\/sitio\/wp-json\/wp\/v2\/posts\/6305","targetHints":{"allow":["GET"]}}],"collection":[{"href":"https:\/\/eldiariodesanpedro.com.ar\/sitio\/wp-json\/wp\/v2\/posts"}],"about":[{"href":"https:\/\/eldiariodesanpedro.com.ar\/sitio\/wp-json\/wp\/v2\/types\/post"}],"author":[{"embeddable":true,"href":"https:\/\/eldiariodesanpedro.com.ar\/sitio\/wp-json\/wp\/v2\/users\/4"}],"replies":[{"embeddable":true,"href":"https:\/\/eldiariodesanpedro.com.ar\/sitio\/wp-json\/wp\/v2\/comments?post=6305"}],"version-history":[{"count":1,"href":"https:\/\/eldiariodesanpedro.com.ar\/sitio\/wp-json\/wp\/v2\/posts\/6305\/revisions"}],"predecessor-version":[{"id":6306,"href":"https:\/\/eldiariodesanpedro.com.ar\/sitio\/wp-json\/wp\/v2\/posts\/6305\/revisions\/6306"}],"wp:featuredmedia":[{"embeddable":true,"href":"https:\/\/eldiariodesanpedro.com.ar\/sitio\/wp-json\/wp\/v2\/media\/5165"}],"wp:attachment":[{"href":"https:\/\/eldiariodesanpedro.com.ar\/sitio\/wp-json\/wp\/v2\/media?parent=6305"}],"wp:term":[{"taxonomy":"category","embeddable":true,"href":"https:\/\/eldiariodesanpedro.com.ar\/sitio\/wp-json\/wp\/v2\/categories?post=6305"},{"taxonomy":"post_tag","embeddable":true,"href":"https:\/\/eldiariodesanpedro.com.ar\/sitio\/wp-json\/wp\/v2\/tags?post=6305"}],"curies":[{"name":"wp","href":"https:\/\/api.w.org\/{rel}","templated":true}]}}