{"id":6303,"date":"2016-07-25T18:39:09","date_gmt":"2016-07-25T21:39:09","guid":{"rendered":"https:\/\/eldiariodesanpedro.com.ar\/sitio\/?p=6303"},"modified":"2016-07-25T18:39:23","modified_gmt":"2016-07-25T21:39:23","slug":"robo-y-dano-en-un-vehiculo-estacionado-en-la-zona-del-puerto","status":"publish","type":"post","link":"https:\/\/eldiariodesanpedro.com.ar\/sitio\/robo-y-dano-en-un-vehiculo-estacionado-en-la-zona-del-puerto\/","title":{"rendered":"Robo y da\u00f1o en un veh\u00edculo estacionado en la zona del puerto"},"content":{"rendered":"<p><!-- VideographyWP Plugin Message: Automatic video embedding prevented by plugin options. --><br \/>\nSu due\u00f1o dej\u00f3 el rodado marca Volkswagen Gol en cercan\u00edas al puerto local cerca de las 8.00 del s\u00e1bado, para cruzar al sector islas para pescar.<br \/>\nSin embargo, cerca de las 11.30, recibi\u00f3 el llamado de un vecino, el cual le advert\u00eda que su autom\u00f3vil hab\u00eda sido sustra\u00eddo por autores ignorados. Al volver, pudo advertir que el mismo se hallaba en cercan\u00edas, tan solo hab\u00eda sido desplazado unos metros. Adem\u00e1s ten\u00eda rota la luneta trasera y le sustrajeron algunos de los elementos que hab\u00eda en su interior.<\/p>\n","protected":false},"excerpt":{"rendered":"<p>Su due\u00f1o dej\u00f3 el rodado marca Volkswagen Gol en cercan\u00edas al puerto local cerca de las 8.00 del s\u00e1bado, para cruzar al sector islas para pescar. Sin embargo, cerca de las 11.30, recibi\u00f3 el llamado de un vecino, el cual le advert\u00eda que su autom\u00f3vil hab\u00eda sido sustra\u00eddo por autores ignorados. Al volver, pudo advertir [&hellip;]<\/p>\n","protected":false},"author":4,"featured_media":5588,"comment_status":"open","ping_status":"closed","sticky":false,"template":"","format":"standard","meta":{"om_disable_all_campaigns":false,"_jetpack_memberships_contains_paid_content":false,"footnotes":""},"categories":[2,103],"tags":[],"class_list":["post-6303","post","type-post","status-publish","format-standard","has-post-thumbnail","hentry","category-locales","category-policiales-locales"],"aioseo_notices":[],"gutentor_comment":0,"jetpack_featured_media_url":"https:\/\/eldiariodesanpedro.com.ar\/sitio\/wp-content\/uploads\/2016\/06\/patrulla-policia-1.jpg","jetpack_shortlink":"https:\/\/wp.me\/p6RhLt-1DF","jetpack_sharing_enabled":true,"_links":{"self":[{"href":"https:\/\/eldiariodesanpedro.com.ar\/sitio\/wp-json\/wp\/v2\/posts\/6303","targetHints":{"allow":["GET"]}}],"collection":[{"href":"https:\/\/eldiariodesanpedro.com.ar\/sitio\/wp-json\/wp\/v2\/posts"}],"about":[{"href":"https:\/\/eldiariodesanpedro.com.ar\/sitio\/wp-json\/wp\/v2\/types\/post"}],"author":[{"embeddable":true,"href":"https:\/\/eldiariodesanpedro.com.ar\/sitio\/wp-json\/wp\/v2\/users\/4"}],"replies":[{"embeddable":true,"href":"https:\/\/eldiariodesanpedro.com.ar\/sitio\/wp-json\/wp\/v2\/comments?post=6303"}],"version-history":[{"count":1,"href":"https:\/\/eldiariodesanpedro.com.ar\/sitio\/wp-json\/wp\/v2\/posts\/6303\/revisions"}],"predecessor-version":[{"id":6304,"href":"https:\/\/eldiariodesanpedro.com.ar\/sitio\/wp-json\/wp\/v2\/posts\/6303\/revisions\/6304"}],"wp:featuredmedia":[{"embeddable":true,"href":"https:\/\/eldiariodesanpedro.com.ar\/sitio\/wp-json\/wp\/v2\/media\/5588"}],"wp:attachment":[{"href":"https:\/\/eldiariodesanpedro.com.ar\/sitio\/wp-json\/wp\/v2\/media?parent=6303"}],"wp:term":[{"taxonomy":"category","embeddable":true,"href":"https:\/\/eldiariodesanpedro.com.ar\/sitio\/wp-json\/wp\/v2\/categories?post=6303"},{"taxonomy":"post_tag","embeddable":true,"href":"https:\/\/eldiariodesanpedro.com.ar\/sitio\/wp-json\/wp\/v2\/tags?post=6303"}],"curies":[{"name":"wp","href":"https:\/\/api.w.org\/{rel}","templated":true}]}}