{"id":6297,"date":"2016-07-25T18:27:52","date_gmt":"2016-07-25T21:27:52","guid":{"rendered":"https:\/\/eldiariodesanpedro.com.ar\/sitio\/?p=6297"},"modified":"2016-07-25T18:27:52","modified_gmt":"2016-07-25T21:27:52","slug":"salazar-proyecta-la-urbanizacion-de-barrios-perifericos","status":"publish","type":"post","link":"https:\/\/eldiariodesanpedro.com.ar\/sitio\/salazar-proyecta-la-urbanizacion-de-barrios-perifericos\/","title":{"rendered":"Salazar proyecta la urbanizaci\u00f3n de barrios perif\u00e9ricos"},"content":{"rendered":"<p><!-- VideographyWP Plugin Message: Automatic video embedding prevented by plugin options. --><br \/>\nUna de los objetivos del intendente Salazar es resolver la compleja situaci\u00f3n que viven algunos de los barrios perif\u00e9ricos de la ciudad y de las localidades, todos ellos con falta de infraestructura y adem\u00e1s sufren problemas estructurales complejos debido al crecimiento desmesurado y sin planificaci\u00f3n.<br \/>\nEn San Pedro, la problem\u00e1tica se plantea en un gran rect\u00e1ngulo que virtualmente est\u00e1 delimitado desde la 11 de Septiembre hasta Mateo Sbert y, por el otro lado, desde el r\u00edo hasta el camino Lucio Mansilla. La zona m\u00e1s nueva, la que se encuentra aleda\u00f1a al CIC, donde se encuentran todos los barrios construidos durante la gesti\u00f3n Barbieri, y otros que se conformaron luego de usurpaciones, sin dudas son los que representan una mayor complejidad.<br \/>\nAdem\u00e1s, a la falta de servicios debe sumarse que es la zona que m\u00e1s se inunda cuando llueve por el agua de los campos que drena hacia el Paran\u00e1: por la geograf\u00eda de ese lugar, queda all\u00ed estancada, produci\u00e9ndose fen\u00f3menos como los ocurridos en abril del corriente.<br \/>\nSin embargo, existen algunos avances para establecer los cimientos para comenzar a resolver la problem\u00e1tica. Como es de p\u00fablico conocimiento, el Municipio no tiene en estos momentos recursos para llevar a cabo grandes obras, por lo que debe gestionar fondos del estado nacional o provincial. Pero se ha comenzado por elaborar los proyectos para buscar el financiamiento necesario para darle soluci\u00f3n a dicha conflictiva.<br \/>\nEn ese sentido, el mandatario comunal, consultado acerca de ello, explic\u00f3 que despu\u00e9s del arribo de la gobernadora a la ciudad, tras la inundaci\u00f3n de esa zona, \u201cvinieron ingenieros hidr\u00e1ulicos\u201d; sin embargo, no se avanz\u00f3 por un tiempo y tras gestiones realizadas vinieron nuevamente y se reunieron con Salazar y con el secretario de Obras y Servicios P\u00fablicos, Jorge Ponzio. \u201cFirmamos un convenio con ellos a los efectos que se estudie un plan maestro para evitar las inundaciones de aqu\u00ed en m\u00e1s\u201d, dijo el intendente.  Y afirm\u00f3: \u201cEs el gran plan hidr\u00e1ulico que nunca tuvo San Pedro\u201d. \u201cEstar\u00e1 terminado en tres meses y luego lo podremos impulsar en la Provincia\u201d, se\u00f1al\u00f3<br \/>\nTambi\u00e9n es una preocupaci\u00f3n comenzar a dotar a determinadas zona de los servicios que carecen. Sobre ello, el mandatario cont\u00f3: \u201cEl otro d\u00eda en una reuni\u00f3n con algunos amigos, Esteban Fito Hernandorena y \u00e9l me dice que tiene contacto con arquitectos que est\u00e1n urbanizando las villas en Capital Federal\u201d. \u201cR\u00e1pidamente nos hizo el contacto, vinieron los arquitectos, estuvieron el s\u00e1bado pasado, recorrieron la zona, no solo los barrios perif\u00e9ricos de la ciudad sino tambi\u00e9n Gdor. Castro, R\u00edo Tala, Vuelta de Obligado, etc.\u201d, asever\u00f3.<br \/>\nY continu\u00f3: \u201cEllos plantean que hay que elaborar un plan integral muy importante que obviamente tambi\u00e9n necesita financiamiento de parte de provincia o naci\u00f3n\u201d y \u201cque nos va a llevar varios a\u00f1os concretarlo\u201d.<br \/>\nEn tanto, recalc\u00f3: \u201cEl gobierno nacional dice que es imposible pensar en un plan de vivienda si no le llevamos los servicios a la gente primero y ac\u00e1 siempre se ha hecho al rev\u00e9s\u201d. \u201cPrimero hay que hacer el cord\u00f3n cuneta con vereda, llevarle el agua, las cloacas, la luz a esa gente. Yo recorriendo el otro d\u00eda el barrio Argentino hay gente que lamentablemente no tiene nada\u201d.<\/p>\n<p>Vidal recibir\u00e1 a Salazar<\/p>\n<p>La audiencia se concretar\u00e1 el pr\u00f3ximo 10 de agosto en La Plata. \u201cLe ped\u00ed a todas las \u00e1reas que hagan un informe para llevarle. Hay cosas que son importantes que voy a plantear\u201d, dijo Cecilio Salazar.<br \/>\nY confirm\u00f3: \u201cUna de las cosas que tengo en carpeta es pedirle la iluminaci\u00f3n de la ruta 1001 y si es posible la 191\u201d.<br \/>\nTambi\u00e9n plantear\u00e1 a la mandataria provincial la posibilidad de contar con su ayuda para resolver la problem\u00e1tica del dragado. \u201cEspero que se resuelva ra\u1e55idamente el tema del dragado del puerto\u201d por las familias que podr\u00edan perder sus fuentes de trabajo, dijo Salazar.<br \/>\n\u201cY despu\u00e9s contarle de los proyectos que tengo, que voy a requerir de la ayuda de ella para llevarlos adelante. Estoy convencido que nos va a ayudar\u201d, asegur\u00f3.<\/p>\n","protected":false},"excerpt":{"rendered":"<p>Una de los objetivos del intendente Salazar es resolver la compleja situaci\u00f3n que viven algunos de los barrios perif\u00e9ricos de la ciudad y de las localidades, todos ellos con falta de infraestructura y adem\u00e1s sufren problemas estructurales complejos debido al crecimiento desmesurado y sin planificaci\u00f3n. En San Pedro, la problem\u00e1tica se plantea en un gran [&hellip;]<\/p>\n","protected":false},"author":4,"featured_media":6298,"comment_status":"open","ping_status":"closed","sticky":false,"template":"","format":"standard","meta":{"om_disable_all_campaigns":false,"_jetpack_memberships_contains_paid_content":false,"footnotes":""},"categories":[50,2,102],"tags":[],"class_list":["post-6297","post","type-post","status-publish","format-standard","has-post-thumbnail","hentry","category-destacadas","category-locales","category-politica-locales"],"aioseo_notices":[],"gutentor_comment":0,"jetpack_featured_media_url":"https:\/\/eldiariodesanpedro.com.ar\/sitio\/wp-content\/uploads\/2016\/07\/PAGINA-5-11.jpg","jetpack_shortlink":"https:\/\/wp.me\/p6RhLt-1Dz","jetpack_sharing_enabled":true,"_links":{"self":[{"href":"https:\/\/eldiariodesanpedro.com.ar\/sitio\/wp-json\/wp\/v2\/posts\/6297","targetHints":{"allow":["GET"]}}],"collection":[{"href":"https:\/\/eldiariodesanpedro.com.ar\/sitio\/wp-json\/wp\/v2\/posts"}],"about":[{"href":"https:\/\/eldiariodesanpedro.com.ar\/sitio\/wp-json\/wp\/v2\/types\/post"}],"author":[{"embeddable":true,"href":"https:\/\/eldiariodesanpedro.com.ar\/sitio\/wp-json\/wp\/v2\/users\/4"}],"replies":[{"embeddable":true,"href":"https:\/\/eldiariodesanpedro.com.ar\/sitio\/wp-json\/wp\/v2\/comments?post=6297"}],"version-history":[{"count":1,"href":"https:\/\/eldiariodesanpedro.com.ar\/sitio\/wp-json\/wp\/v2\/posts\/6297\/revisions"}],"predecessor-version":[{"id":6299,"href":"https:\/\/eldiariodesanpedro.com.ar\/sitio\/wp-json\/wp\/v2\/posts\/6297\/revisions\/6299"}],"wp:featuredmedia":[{"embeddable":true,"href":"https:\/\/eldiariodesanpedro.com.ar\/sitio\/wp-json\/wp\/v2\/media\/6298"}],"wp:attachment":[{"href":"https:\/\/eldiariodesanpedro.com.ar\/sitio\/wp-json\/wp\/v2\/media?parent=6297"}],"wp:term":[{"taxonomy":"category","embeddable":true,"href":"https:\/\/eldiariodesanpedro.com.ar\/sitio\/wp-json\/wp\/v2\/categories?post=6297"},{"taxonomy":"post_tag","embeddable":true,"href":"https:\/\/eldiariodesanpedro.com.ar\/sitio\/wp-json\/wp\/v2\/tags?post=6297"}],"curies":[{"name":"wp","href":"https:\/\/api.w.org\/{rel}","templated":true}]}}