{"id":62954,"date":"2019-10-29T18:08:51","date_gmt":"2019-10-29T21:08:51","guid":{"rendered":"https:\/\/eldiariodesanpedro.com.ar\/sitio\/?p=62954"},"modified":"2019-10-29T18:08:55","modified_gmt":"2019-10-29T21:08:55","slug":"renovacion-de-eximicion-de-tasas-municipales-para-el-2020","status":"publish","type":"post","link":"https:\/\/eldiariodesanpedro.com.ar\/sitio\/renovacion-de-eximicion-de-tasas-municipales-para-el-2020\/","title":{"rendered":"Renovaci\u00f3n de eximici\u00f3n de tasas municipales para el 2020"},"content":{"rendered":"<!-- VideographyWP Plugin Message: Automatic video embedding prevented by plugin options. -->\n\n<p>\n\nLa Direcci\u00f3n de Rentas de la Municipalidad de San Pedro inform\u00f3 que desde el 1\u00b0 de noviembre estar\u00e1 habilitado el tr\u00e1mite para actualizar los datos obligatorios para acceder a la renovaci\u00f3n de las exenciones de pago de Tasas Municipales.<br>Los contribuyentes deber\u00e1n acercar la documentaci\u00f3n de acuerdo a su condici\u00f3n:<\/p>\n\n\n\n<p>*Empleados y Jubilados Municipales (reglamentado por Ord. 5069\/98)<br>-Completar y firmar planilla de DDJJ en la Direcci\u00f3n de Rentas (Planta Baja) acompa\u00f1ando la siguiente documentaci\u00f3n:<br>-Copia de DNI<br>-Copia del \u00faltimo recibo de sueldo\/recibo de cobro (jubilados)<br>-Copia de reempadronamiento o escritura o contrato de alquiler<br>-Si fuera viudo\/a del agente municipal presentar fotocopia del certificado de defunci\u00f3n.<br>-Copia de Tasa de ABL o SS del inmueble eximido<\/p>\n\n\n\n<p>*Jubilados (reglamentado por Ord. 3939\/85 y 5186\/00)<\/p>\n\n\n\n<p>-Completar y firmar planilla de DDJJ en la Direcci\u00f3n de Rentas (Planta Baja) acompa\u00f1ando la siguiente documentaci\u00f3n:<br>-Copia de DNI<br>-Copia del \u00faltimo recibo de cobro<br>-Copia de reempadronamiento o escritura<br>-Copia de Tasa de ABL o SS del inmueble eximido<\/p>\n\n\n\n<p>*Bomberos Voluntarios (reglamentado por Ord. 5585\/06)<\/p>\n\n\n\n<p>-Completar y firmar planilla de DDJJ en la Direcci\u00f3n de Rentas (Planta Baja) acompa\u00f1ando la siguiente documentaci\u00f3n:<br>-Nota del Cuartel de Bomberos informando que son integrantes activos o jubilados del Cuerpo de Bomberos Voluntarios.<br>-Copia de DNI<br>-Copia de reempadronamiento o escritura<br>-Copia de Tasa de ABL o SS del inmueble eximido<\/p>\n\n\n\n<p>*Combatientes de Malvinas (reglamentado por Ord. 4840\/95)<\/p>\n\n\n\n<p>-Completar y firmar planilla de DDJJ en la Direcci\u00f3n de Rentas (Planta Baja) acompa\u00f1ando la siguiente documentaci\u00f3n:<br>-Copia de documentaci\u00f3n que acredite su participaci\u00f3n en la Guerra de las Malvinas.<br>-Copia de DNI<br>-Copia de reempadronamiento o escritura o contrato de alquiler<br>-Copia de Tasa de ABL o SS del inmueble eximido<\/p>\n\n\n\n<p>Para mayor informaci\u00f3n acercarse a las oficinas de lunes a viernes de 8 a 14.\n\n<\/p>\n","protected":false},"excerpt":{"rendered":"<p>La Direcci\u00f3n de Rentas de la Municipalidad de San Pedro inform\u00f3 que desde el 1\u00b0 de noviembre estar\u00e1 habilitado el tr\u00e1mite para actualizar los datos obligatorios para acceder a la renovaci\u00f3n de las exenciones de pago de Tasas Municipales.Los contribuyentes deber\u00e1n acercar la documentaci\u00f3n de acuerdo a su condici\u00f3n: *Empleados y Jubilados Municipales (reglamentado por [&hellip;]<\/p>\n","protected":false},"author":4,"featured_media":62955,"comment_status":"open","ping_status":"closed","sticky":false,"template":"","format":"standard","meta":{"om_disable_all_campaigns":false,"_jetpack_memberships_contains_paid_content":false,"footnotes":""},"categories":[101,2],"tags":[],"class_list":["post-62954","post","type-post","status-publish","format-standard","has-post-thumbnail","hentry","category-interes-general-locales","category-locales"],"aioseo_notices":[],"gutentor_comment":0,"jetpack_featured_media_url":"https:\/\/eldiariodesanpedro.com.ar\/sitio\/wp-content\/uploads\/2019\/10\/73404030_2545279932233333_3555806898986942464_n.png","jetpack_shortlink":"https:\/\/wp.me\/p6RhLt-gno","jetpack_sharing_enabled":true,"_links":{"self":[{"href":"https:\/\/eldiariodesanpedro.com.ar\/sitio\/wp-json\/wp\/v2\/posts\/62954","targetHints":{"allow":["GET"]}}],"collection":[{"href":"https:\/\/eldiariodesanpedro.com.ar\/sitio\/wp-json\/wp\/v2\/posts"}],"about":[{"href":"https:\/\/eldiariodesanpedro.com.ar\/sitio\/wp-json\/wp\/v2\/types\/post"}],"author":[{"embeddable":true,"href":"https:\/\/eldiariodesanpedro.com.ar\/sitio\/wp-json\/wp\/v2\/users\/4"}],"replies":[{"embeddable":true,"href":"https:\/\/eldiariodesanpedro.com.ar\/sitio\/wp-json\/wp\/v2\/comments?post=62954"}],"version-history":[{"count":1,"href":"https:\/\/eldiariodesanpedro.com.ar\/sitio\/wp-json\/wp\/v2\/posts\/62954\/revisions"}],"predecessor-version":[{"id":62956,"href":"https:\/\/eldiariodesanpedro.com.ar\/sitio\/wp-json\/wp\/v2\/posts\/62954\/revisions\/62956"}],"wp:featuredmedia":[{"embeddable":true,"href":"https:\/\/eldiariodesanpedro.com.ar\/sitio\/wp-json\/wp\/v2\/media\/62955"}],"wp:attachment":[{"href":"https:\/\/eldiariodesanpedro.com.ar\/sitio\/wp-json\/wp\/v2\/media?parent=62954"}],"wp:term":[{"taxonomy":"category","embeddable":true,"href":"https:\/\/eldiariodesanpedro.com.ar\/sitio\/wp-json\/wp\/v2\/categories?post=62954"},{"taxonomy":"post_tag","embeddable":true,"href":"https:\/\/eldiariodesanpedro.com.ar\/sitio\/wp-json\/wp\/v2\/tags?post=62954"}],"curies":[{"name":"wp","href":"https:\/\/api.w.org\/{rel}","templated":true}]}}