{"id":62951,"date":"2019-10-29T12:58:23","date_gmt":"2019-10-29T15:58:23","guid":{"rendered":"https:\/\/eldiariodesanpedro.com.ar\/sitio\/?p=62951"},"modified":"2019-10-29T12:58:27","modified_gmt":"2019-10-29T15:58:27","slug":"vidal-me-quedo-tranquila-porque-san-pedro-sigue-con-un-buen-intendente","status":"publish","type":"post","link":"https:\/\/eldiariodesanpedro.com.ar\/sitio\/vidal-me-quedo-tranquila-porque-san-pedro-sigue-con-un-buen-intendente\/","title":{"rendered":"Vidal: \u201cMe quedo tranquila porque San Pedro sigue con un buen intendente\u201d"},"content":{"rendered":"<!-- VideographyWP Plugin Message: Automatic video embedding prevented by plugin options. -->\n\n<p>La gobernadora Mar\u00eda Eugenia Vidal salud\u00f3 al Intendente Salazar despu\u00e9s del triunfo en las elecciones del domingo.<\/p>\n\n\n\n<p>Tras la contundente victoria del domingo, en donde el Intendente Cecilio Salazar logr\u00f3 renovar su mandato por cuatro a\u00f1os m\u00e1s obteniendo el \u00a0%56,01 de los votos, la actual gobernadora Mar\u00eda Eugenia Vidal se comunic\u00f3 con el mandatario para saludarlo y felicitarlo. \u00a0\u00a0\u00a0\u00a0<\/p>\n\n\n\n<p>\u201cQuer\u00eda agradecerte y felicitarse por la gran elecci\u00f3n que has hecho\u201d, le dijo Vidal a Salazar.<\/p>\n\n\n\n<p>\u201cMe quedo tranquila porque San Pedro sigue con un buen intendente y que saben que pueden contar con vos, porque nos importan las mismas cosas\u201d, destac\u00f3 la mandataria.<\/p>\n\n\n\n<p>\u201cGracias de coraz\u00f3n por todo el esfuerzo hecho, no importa sino alcanz\u00f3 para la provincia y naci\u00f3n, pero alcanz\u00f3 para vos y eso ya es bastante\u201d<\/p>\n\n\n\n<p>\u201cAs\u00ed que te felicito y te mando un beso grande y a todo tu equipo\u201d, concluy\u00f3 el saludo de Mar\u00eda Eugenia Vidal.<\/p>\n\n\n\n<p>La gobernadora que perdi\u00f3 en las elecciones ante el candidato del Frente de Todos Axel Kicillof, consigui\u00f3 ganar en San Pedro reuniendo 19.048 votos sobre 17.519 del funcionario electo.<\/p>\n","protected":false},"excerpt":{"rendered":"<p>La gobernadora Mar\u00eda Eugenia Vidal salud\u00f3 al Intendente Salazar despu\u00e9s del triunfo en las elecciones del domingo. Tras la contundente victoria del domingo, en donde el Intendente Cecilio Salazar logr\u00f3 renovar su mandato por cuatro a\u00f1os m\u00e1s obteniendo el \u00a0%56,01 de los votos, la actual gobernadora Mar\u00eda Eugenia Vidal se comunic\u00f3 con el mandatario para [&hellip;]<\/p>\n","protected":false},"author":4,"featured_media":62952,"comment_status":"open","ping_status":"closed","sticky":false,"template":"","format":"standard","meta":{"om_disable_all_campaigns":false,"_jetpack_memberships_contains_paid_content":false,"footnotes":""},"categories":[50,101,2],"tags":[],"class_list":["post-62951","post","type-post","status-publish","format-standard","has-post-thumbnail","hentry","category-destacadas","category-interes-general-locales","category-locales"],"aioseo_notices":[],"gutentor_comment":0,"jetpack_featured_media_url":"https:\/\/eldiariodesanpedro.com.ar\/sitio\/wp-content\/uploads\/2019\/10\/000080758.jpg","jetpack_shortlink":"https:\/\/wp.me\/p6RhLt-gnl","jetpack_sharing_enabled":true,"_links":{"self":[{"href":"https:\/\/eldiariodesanpedro.com.ar\/sitio\/wp-json\/wp\/v2\/posts\/62951","targetHints":{"allow":["GET"]}}],"collection":[{"href":"https:\/\/eldiariodesanpedro.com.ar\/sitio\/wp-json\/wp\/v2\/posts"}],"about":[{"href":"https:\/\/eldiariodesanpedro.com.ar\/sitio\/wp-json\/wp\/v2\/types\/post"}],"author":[{"embeddable":true,"href":"https:\/\/eldiariodesanpedro.com.ar\/sitio\/wp-json\/wp\/v2\/users\/4"}],"replies":[{"embeddable":true,"href":"https:\/\/eldiariodesanpedro.com.ar\/sitio\/wp-json\/wp\/v2\/comments?post=62951"}],"version-history":[{"count":1,"href":"https:\/\/eldiariodesanpedro.com.ar\/sitio\/wp-json\/wp\/v2\/posts\/62951\/revisions"}],"predecessor-version":[{"id":62953,"href":"https:\/\/eldiariodesanpedro.com.ar\/sitio\/wp-json\/wp\/v2\/posts\/62951\/revisions\/62953"}],"wp:featuredmedia":[{"embeddable":true,"href":"https:\/\/eldiariodesanpedro.com.ar\/sitio\/wp-json\/wp\/v2\/media\/62952"}],"wp:attachment":[{"href":"https:\/\/eldiariodesanpedro.com.ar\/sitio\/wp-json\/wp\/v2\/media?parent=62951"}],"wp:term":[{"taxonomy":"category","embeddable":true,"href":"https:\/\/eldiariodesanpedro.com.ar\/sitio\/wp-json\/wp\/v2\/categories?post=62951"},{"taxonomy":"post_tag","embeddable":true,"href":"https:\/\/eldiariodesanpedro.com.ar\/sitio\/wp-json\/wp\/v2\/tags?post=62951"}],"curies":[{"name":"wp","href":"https:\/\/api.w.org\/{rel}","templated":true}]}}