{"id":62946,"date":"2019-10-29T12:26:26","date_gmt":"2019-10-29T15:26:26","guid":{"rendered":"https:\/\/eldiariodesanpedro.com.ar\/sitio\/?p=62946"},"modified":"2019-10-29T12:26:31","modified_gmt":"2019-10-29T15:26:31","slug":"arribo-de-nuevo-buque-al-puerto-san-pedro-con-destino-estados-unidos","status":"publish","type":"post","link":"https:\/\/eldiariodesanpedro.com.ar\/sitio\/arribo-de-nuevo-buque-al-puerto-san-pedro-con-destino-estados-unidos\/","title":{"rendered":"Arribo de nuevo buque al Puerto San Pedro con destino Estados Unidos"},"content":{"rendered":"<!-- VideographyWP Plugin Message: Automatic video embedding prevented by plugin options. -->\n\n<p>Desde el Consorcio de Gesti\u00f3n del Puerto San Pedro se comunic\u00f3 el arribo el d\u00eda  jueves 31 de octubre, de un buque denominado \u201c<strong>Amalia<\/strong>\u201d de bandera Malta con procedencia de Brasil.<\/p>\n\n\n\n<p>El barco de 179,91 metros de eslora y operar\u00e1 en el muelle elevador, en donde cargar\u00e1\u00a0 30000 toneladas aproximadamente de Ma\u00edz y Soja a granel con destino a Estados Unidos.<\/p>\n","protected":false},"excerpt":{"rendered":"<p>Desde el Consorcio de Gesti\u00f3n del Puerto San Pedro se comunic\u00f3 el arribo el d\u00eda jueves 31 de octubre, de un buque denominado \u201cAmalia\u201d de bandera Malta con procedencia de Brasil. El barco de 179,91 metros de eslora y operar\u00e1 en el muelle elevador, en donde cargar\u00e1\u00a0 30000 toneladas aproximadamente de Ma\u00edz y Soja a [&hellip;]<\/p>\n","protected":false},"author":4,"featured_media":62947,"comment_status":"open","ping_status":"closed","sticky":false,"template":"","format":"standard","meta":{"om_disable_all_campaigns":false,"_jetpack_memberships_contains_paid_content":false,"footnotes":""},"categories":[101,2],"tags":[],"class_list":["post-62946","post","type-post","status-publish","format-standard","has-post-thumbnail","hentry","category-interes-general-locales","category-locales"],"aioseo_notices":[],"gutentor_comment":0,"jetpack_featured_media_url":"https:\/\/eldiariodesanpedro.com.ar\/sitio\/wp-content\/uploads\/2019\/10\/1-12.jpg","jetpack_shortlink":"https:\/\/wp.me\/p6RhLt-gng","jetpack_sharing_enabled":true,"_links":{"self":[{"href":"https:\/\/eldiariodesanpedro.com.ar\/sitio\/wp-json\/wp\/v2\/posts\/62946","targetHints":{"allow":["GET"]}}],"collection":[{"href":"https:\/\/eldiariodesanpedro.com.ar\/sitio\/wp-json\/wp\/v2\/posts"}],"about":[{"href":"https:\/\/eldiariodesanpedro.com.ar\/sitio\/wp-json\/wp\/v2\/types\/post"}],"author":[{"embeddable":true,"href":"https:\/\/eldiariodesanpedro.com.ar\/sitio\/wp-json\/wp\/v2\/users\/4"}],"replies":[{"embeddable":true,"href":"https:\/\/eldiariodesanpedro.com.ar\/sitio\/wp-json\/wp\/v2\/comments?post=62946"}],"version-history":[{"count":1,"href":"https:\/\/eldiariodesanpedro.com.ar\/sitio\/wp-json\/wp\/v2\/posts\/62946\/revisions"}],"predecessor-version":[{"id":62948,"href":"https:\/\/eldiariodesanpedro.com.ar\/sitio\/wp-json\/wp\/v2\/posts\/62946\/revisions\/62948"}],"wp:featuredmedia":[{"embeddable":true,"href":"https:\/\/eldiariodesanpedro.com.ar\/sitio\/wp-json\/wp\/v2\/media\/62947"}],"wp:attachment":[{"href":"https:\/\/eldiariodesanpedro.com.ar\/sitio\/wp-json\/wp\/v2\/media?parent=62946"}],"wp:term":[{"taxonomy":"category","embeddable":true,"href":"https:\/\/eldiariodesanpedro.com.ar\/sitio\/wp-json\/wp\/v2\/categories?post=62946"},{"taxonomy":"post_tag","embeddable":true,"href":"https:\/\/eldiariodesanpedro.com.ar\/sitio\/wp-json\/wp\/v2\/tags?post=62946"}],"curies":[{"name":"wp","href":"https:\/\/api.w.org\/{rel}","templated":true}]}}