{"id":6294,"date":"2016-07-25T18:27:02","date_gmt":"2016-07-25T21:27:02","guid":{"rendered":"https:\/\/eldiariodesanpedro.com.ar\/sitio\/?p=6294"},"modified":"2016-07-25T18:27:02","modified_gmt":"2016-07-25T21:27:02","slug":"baradero-declaran-de-interes-patrimonial-social-y-cultural-al-paraje-el-torito","status":"publish","type":"post","link":"https:\/\/eldiariodesanpedro.com.ar\/sitio\/baradero-declaran-de-interes-patrimonial-social-y-cultural-al-paraje-el-torito\/","title":{"rendered":"Baradero: Declaran de Inter\u00e9s Patrimonial, Social y Cultural al paraje El Torito"},"content":{"rendered":"<p><!-- VideographyWP Plugin Message: Automatic video embedding prevented by plugin options. --><br \/>\nUno de los lugares hist\u00f3ricos m\u00e1s importante del partido de Baradero, como es el club y almac\u00e9n ubicado en el paraje El Torito, ya ha sido declarado de inter\u00e9s tur\u00edstico por la Provincia de Bs. As. Ahora se le ha sumado la declaraci\u00f3n de Inter\u00e9s Patrimonial, Social y Cultural por parte de la Municipalidad de Baradero.<br \/>\nEl proyecto, aprobado esta semana por el Concejo Deliberante, fue elaborado por la concejala Veronica Bard (Cambiemos) y tiene como finalidad que la estructura edilicia, construida en 1880, sea preservada como patrimonio cultural de la comunidad.<br \/>\nLa edil habl\u00f3 con la p\u00e1gina Baradero Te Informa de la vecina localidad y explic\u00f3 los fundamentos de la declaraci\u00f3n: \u201cLo que se hab\u00eda hecho anteriormente a trav\u00e9s de la Secretar\u00eda de Turismo la Provincia hab\u00eda declarado al paraje de Inter\u00e9s Tur\u00edstico y el Concejo Deliberante en su momento tambi\u00e9n lo declar\u00f3 de inter\u00e9s hist\u00f3rico y Cultural. El inter\u00e9s del nuevo proyecto es que se incluyera el edificio, el cual tiene caracter\u00edsticas propias dentro de lo que es el patrimonio cultural de la comunidad, esto hace que se deba preservarlo, darles herramientas para que se lo preserve como monumento hist\u00f3rico.<br \/>\n\u201cQue si se hace un arreglo se haga respetando la l\u00ednea, estructura edilicia y la arquitectura propia de este edificio que la verdad que es invaluable, que desde el a\u00f1o 1880 est\u00e1 funcionando, que la verdad es un moj\u00f3n en lo que era el camino real que fue escenario de tr\u00e1nsito de tantas figuras importantes. San Mart\u00edn pas\u00f3 en su momento por ese camino y es un punto importante y un foco de referencia para aquel que visita Baradero y quiere conocer un poco de la historia\u00bb.<\/p>\n","protected":false},"excerpt":{"rendered":"<p>Uno de los lugares hist\u00f3ricos m\u00e1s importante del partido de Baradero, como es el club y almac\u00e9n ubicado en el paraje El Torito, ya ha sido declarado de inter\u00e9s tur\u00edstico por la Provincia de Bs. As. Ahora se le ha sumado la declaraci\u00f3n de Inter\u00e9s Patrimonial, Social y Cultural por parte de la Municipalidad de [&hellip;]<\/p>\n","protected":false},"author":4,"featured_media":6295,"comment_status":"open","ping_status":"closed","sticky":false,"template":"","format":"standard","meta":{"om_disable_all_campaigns":false,"_jetpack_memberships_contains_paid_content":false,"footnotes":""},"categories":[101,2],"tags":[],"class_list":["post-6294","post","type-post","status-publish","format-standard","has-post-thumbnail","hentry","category-interes-general-locales","category-locales"],"aioseo_notices":[],"gutentor_comment":0,"jetpack_featured_media_url":"https:\/\/eldiariodesanpedro.com.ar\/sitio\/wp-content\/uploads\/2016\/07\/PAGINA-6-7.jpg","jetpack_shortlink":"https:\/\/wp.me\/p6RhLt-1Dw","jetpack_sharing_enabled":true,"_links":{"self":[{"href":"https:\/\/eldiariodesanpedro.com.ar\/sitio\/wp-json\/wp\/v2\/posts\/6294","targetHints":{"allow":["GET"]}}],"collection":[{"href":"https:\/\/eldiariodesanpedro.com.ar\/sitio\/wp-json\/wp\/v2\/posts"}],"about":[{"href":"https:\/\/eldiariodesanpedro.com.ar\/sitio\/wp-json\/wp\/v2\/types\/post"}],"author":[{"embeddable":true,"href":"https:\/\/eldiariodesanpedro.com.ar\/sitio\/wp-json\/wp\/v2\/users\/4"}],"replies":[{"embeddable":true,"href":"https:\/\/eldiariodesanpedro.com.ar\/sitio\/wp-json\/wp\/v2\/comments?post=6294"}],"version-history":[{"count":1,"href":"https:\/\/eldiariodesanpedro.com.ar\/sitio\/wp-json\/wp\/v2\/posts\/6294\/revisions"}],"predecessor-version":[{"id":6296,"href":"https:\/\/eldiariodesanpedro.com.ar\/sitio\/wp-json\/wp\/v2\/posts\/6294\/revisions\/6296"}],"wp:featuredmedia":[{"embeddable":true,"href":"https:\/\/eldiariodesanpedro.com.ar\/sitio\/wp-json\/wp\/v2\/media\/6295"}],"wp:attachment":[{"href":"https:\/\/eldiariodesanpedro.com.ar\/sitio\/wp-json\/wp\/v2\/media?parent=6294"}],"wp:term":[{"taxonomy":"category","embeddable":true,"href":"https:\/\/eldiariodesanpedro.com.ar\/sitio\/wp-json\/wp\/v2\/categories?post=6294"},{"taxonomy":"post_tag","embeddable":true,"href":"https:\/\/eldiariodesanpedro.com.ar\/sitio\/wp-json\/wp\/v2\/tags?post=6294"}],"curies":[{"name":"wp","href":"https:\/\/api.w.org\/{rel}","templated":true}]}}