{"id":62938,"date":"2019-10-29T10:27:14","date_gmt":"2019-10-29T13:27:14","guid":{"rendered":"https:\/\/eldiariodesanpedro.com.ar\/sitio\/?p=62938"},"modified":"2019-10-29T10:27:18","modified_gmt":"2019-10-29T13:27:18","slug":"ramallo-domingo-de-furia-en-villa-cascotes-punaladas-y-ataque-a-la-policia","status":"publish","type":"post","link":"https:\/\/eldiariodesanpedro.com.ar\/sitio\/ramallo-domingo-de-furia-en-villa-cascotes-punaladas-y-ataque-a-la-policia\/","title":{"rendered":"RAMALLO | Domingo de furia en Villa: cascotes, pu\u00f1aladas y ataque a la polic\u00eda"},"content":{"rendered":"<!-- VideographyWP Plugin Message: Automatic video embedding prevented by plugin options. -->\n\n<p>La Estaci\u00f3n Polic\u00eda Comunal Ramallo Segunda comunic\u00f3 en su habitual parte de prensa que el domingo a las 17.45 hs, efectivos se dirigieron a la zona de Valle de Oro donde hab\u00eda una pelea entre vecinos.<\/p>\n\n\n\n<p>En la esquina de Av Dusso y Valle constataron la ri\u00f1a entre varias personas, que seg\u00fan testigos, hab\u00eda comenzado con una agresi\u00f3n aparentemente sin motivo, entre dos. El victimario, de 53 a\u00f1os de edad, fue individualizado y aprehendido.<\/p>\n\n\n\n<p>Como resultado, dos efectivos del GAD terminaron lesionados y dos m\u00f3viles policiales da\u00f1ados.<\/p>\n\n\n\n<p>Se instruyeron entonces actuaciones penales por el delito de atentado, resistencia a la autoridad, lesiones leves y da\u00f1o.<\/p>\n\n\n\n<p>Fuente: Ramallo Informa<\/p>\n","protected":false},"excerpt":{"rendered":"<p>La Estaci\u00f3n Polic\u00eda Comunal Ramallo Segunda comunic\u00f3 en su habitual parte de prensa que el domingo a las 17.45 hs, efectivos se dirigieron a la zona de Valle de Oro donde hab\u00eda una pelea entre vecinos. En la esquina de Av Dusso y Valle constataron la ri\u00f1a entre varias personas, que seg\u00fan testigos, hab\u00eda comenzado [&hellip;]<\/p>\n","protected":false},"author":4,"featured_media":62530,"comment_status":"open","ping_status":"closed","sticky":false,"template":"","format":"standard","meta":{"om_disable_all_campaigns":false,"_jetpack_memberships_contains_paid_content":false,"footnotes":""},"categories":[621],"tags":[],"class_list":["post-62938","post","type-post","status-publish","format-standard","has-post-thumbnail","hentry","category-regionales"],"aioseo_notices":[],"gutentor_comment":0,"jetpack_featured_media_url":"https:\/\/eldiariodesanpedro.com.ar\/sitio\/wp-content\/uploads\/2019\/10\/patrullero-policia_9.jpg","jetpack_shortlink":"https:\/\/wp.me\/p6RhLt-gn8","jetpack_sharing_enabled":true,"_links":{"self":[{"href":"https:\/\/eldiariodesanpedro.com.ar\/sitio\/wp-json\/wp\/v2\/posts\/62938","targetHints":{"allow":["GET"]}}],"collection":[{"href":"https:\/\/eldiariodesanpedro.com.ar\/sitio\/wp-json\/wp\/v2\/posts"}],"about":[{"href":"https:\/\/eldiariodesanpedro.com.ar\/sitio\/wp-json\/wp\/v2\/types\/post"}],"author":[{"embeddable":true,"href":"https:\/\/eldiariodesanpedro.com.ar\/sitio\/wp-json\/wp\/v2\/users\/4"}],"replies":[{"embeddable":true,"href":"https:\/\/eldiariodesanpedro.com.ar\/sitio\/wp-json\/wp\/v2\/comments?post=62938"}],"version-history":[{"count":1,"href":"https:\/\/eldiariodesanpedro.com.ar\/sitio\/wp-json\/wp\/v2\/posts\/62938\/revisions"}],"predecessor-version":[{"id":62940,"href":"https:\/\/eldiariodesanpedro.com.ar\/sitio\/wp-json\/wp\/v2\/posts\/62938\/revisions\/62940"}],"wp:featuredmedia":[{"embeddable":true,"href":"https:\/\/eldiariodesanpedro.com.ar\/sitio\/wp-json\/wp\/v2\/media\/62530"}],"wp:attachment":[{"href":"https:\/\/eldiariodesanpedro.com.ar\/sitio\/wp-json\/wp\/v2\/media?parent=62938"}],"wp:term":[{"taxonomy":"category","embeddable":true,"href":"https:\/\/eldiariodesanpedro.com.ar\/sitio\/wp-json\/wp\/v2\/categories?post=62938"},{"taxonomy":"post_tag","embeddable":true,"href":"https:\/\/eldiariodesanpedro.com.ar\/sitio\/wp-json\/wp\/v2\/tags?post=62938"}],"curies":[{"name":"wp","href":"https:\/\/api.w.org\/{rel}","templated":true}]}}