{"id":62935,"date":"2019-10-29T10:24:12","date_gmt":"2019-10-29T13:24:12","guid":{"rendered":"https:\/\/eldiariodesanpedro.com.ar\/sitio\/?p=62935"},"modified":"2019-10-29T10:24:17","modified_gmt":"2019-10-29T13:24:17","slug":"los-intendentes-que-se-quedaron-sin-reeleccion","status":"publish","type":"post","link":"https:\/\/eldiariodesanpedro.com.ar\/sitio\/los-intendentes-que-se-quedaron-sin-reeleccion\/","title":{"rendered":"Los intendentes que se quedaron sin reelecci\u00f3n"},"content":{"rendered":"<!-- VideographyWP Plugin Message: Automatic video embedding prevented by plugin options. -->\n\n<p>De los 17 intendentes que, hasta el momento, no lograron renovar su mandato, 10 pertenecen a Juntos por el Cambio; cinco son del Frente de Todos; uno compiti\u00f3 con la boleta de Consenso Federal y el restante lo hizo con su agrupaci\u00f3n vecinal.<\/p>\n\n\n\n<p>Adem\u00e1s, en otros seis distritos el intendente decidi\u00f3 no competir por un nuevo per\u00edodo, pero su sucesor no logr\u00f3 retenerlo y perdi\u00f3 en manos del candidato opositor.<\/p>\n\n\n\n<p><strong>Baradero<\/strong><br>Fernanda Antonijevic perdi\u00f3 en manos de Tito Sanzio, del Frente de Todos. La contienda fue 48,76% versus 42,31% de los votos, a favor del candidato peronista. Cabe recordar que la intendenta asumi\u00f3 tras un acuerdo entre el GEN y el Pro, sellado en 2015 en el distrito, que logr\u00f3 vencer al hist\u00f3rico justicialista Aldo Carossi.<\/p>\n\n\n\n<p><strong>Berisso<\/strong><br>Abrumadora derrota del intendente radical Jorge Nedela, quien fue abatido por el peronista Fabi\u00e1n Cagliardi por 19.084 votos. El candidato del Frente de Todos se qued\u00f3 con 37.134 votos, que representan el 61,14% del total, mientras que el jefe comunal apenas sum\u00f3 18.050, es decir, el 29,72%.<\/p>\n\n\n\n<p><strong>Carlos Tejedor<\/strong><br>Con una sola mesa a\u00fan sin escrutar, el radical Ra\u00fal Sala perdi\u00f3 frente a Mar\u00eda Celia Gianini, exintendenta del distrito entre 2007 y 2015, quien sum\u00f3 el 52,86% de los votos. El actual mandam\u00e1s, en tanto, registr\u00f3 el 45,44% al cosechar 561 votos menos.<\/p>\n\n\n\n<p><strong>Carmen de Areco<\/strong><br>El intendente vecinalista Marcelo Skansi (que compiti\u00f3 con la boleta de Consenso Federal) deber\u00e1 abandonar el distrito al perder con el candidato del Frente de Todos, Iv\u00e1n Dar\u00edo Villagr\u00e1n. La pelea fue 37,63% frente a 32,42%, a favor del peronista. La diferencia entre ambos fue de 540 votos.<\/p>\n\n\n\n<p><strong>General Pueyrred\u00f3n<\/strong><br>Lejos qued\u00f3 de la polarizaci\u00f3n el intendente Carlos Arroyo que, esta vez, compiti\u00f3 con su propio partido, Agrupaci\u00f3n Atl\u00e1ntica. El actual mandam\u00e1s apenas sum\u00f3 3,85% de los votos. Fue superado por Consenso Federal, Frente de Todos y Juntos por el Cambio, que finalmente logr\u00f3 arrebatarle el Municipio. El candidato amarillo, Guillermo Montenegro, se impuso con el 40,43%.<\/p>\n\n\n\n<p><strong>General Rodr\u00edguez<\/strong><br>Tal como se esperaba, el intendenta macrista Dar\u00edo Kubar perdi\u00f3 el distrito en manos del candidato del Frente de Todos, Mauro Garc\u00eda. La diferencia entre ambos fue superior a los 3.500 votos. Mientras el peronista cosech\u00f3 el 50,32%, el jefe comunal sum\u00f3 44,21%.<\/p>\n\n\n\n<p><strong>Mar Chiquita<\/strong><br>Por apenas 900 votos perdi\u00f3 el intendente radical Carlos Ronda, en manos de Jorge Paredi, candidato Del Frente de Todos. Mientras el peronista sum\u00f3 8.944 (49,28%), el jefe comunal registr\u00f3 8.046 (44,33%).<\/p>\n\n\n\n<p><strong>Monte<\/strong><br>La tragedia que se vivi\u00f3 en el distrito recientemente dej\u00f3 muy mal parada a la intendenta massista Sandra Mayol, quien finalmente perdi\u00f3 la intendencia. Fue superada por Jos\u00e9 Castro, de Juntos por el Cambio, que registr\u00f3 el 53,93% de los votos. La jefa comunal, por su parte, consigui\u00f3 46,06%.<\/p>\n\n\n\n<p><strong>Mor\u00f3n<\/strong><br>Ramiro Tagliaferro no logr\u00f3 retener el distrito conquistado en 2015, que volver\u00e1 a las manos de su ex intendente, Lucas Ghi, quien cosech\u00f3 el 46,56% de los votos. El mandam\u00e1s macrista, en tanto, se qued\u00f3 con el 43,38%. La diferencia fue por casi 7 mil votos.<\/p>\n\n\n\n<p><strong>Necochea<\/strong><br>Tal como se anticipaba en las PASO, el massista Facundo L\u00f3pez perdi\u00f3 el distrito en manos de Arturo Rojas, de Juntos por el Cambio. La victoria a favor de \u00e9ste fue amplia, ya que sum\u00f3 58,99%, mientras que el actual alcalde registr\u00f3 26,92%.<\/p>\n\n\n\n<p><strong>Pilar<\/strong><br>Por ahora, la diferencia est\u00e1 en contra del intendente Nicol\u00e1s Ducot\u00e9 y a favor de Federico Ach\u00e1val, quien suma 86.951 votos (46,59%), frente a los 84.331 (45,19%) del candidato amarillo. Sin embargo, el final est\u00e1 abierto puesto que a\u00fan resta escrutar el 7% de las mesas.<\/p>\n\n\n\n<p><strong>Quilmes<\/strong><br>Tal como se especulaba, el intendente Martiniano Molina perdi\u00f3 en manos de la camporista Mayra Mendoza. La joven dirigente cosech\u00f3 166.243 votos (49,55%), mientras que el actual jefe comunal sum\u00f3 144.816 (43,16%).<\/p>\n\n\n\n<p><strong>Ramallo<\/strong><br>Con todas las mesas escrutadas (86), el intendente peronista Mauro Poletti perdi\u00f3 su distrito por 44 votos en manos Gustavo Perie, de Juntos por el Cambio. Mientras el candidato del Frente de Todos sum\u00f3 11.062, su oponente lo hizo por 11.106.<\/p>\n\n\n\n<p><strong>Roque P\u00e9rez<\/strong><br>Quedan dos mesas por escrutar, pero por ahora la diferencia est\u00e1 a favor del opositor Juancho Cravero, quien supera al intendente peronista \u201cChinchu\u201d Gasparini por apenas 8 votos. Si bien en las redes ya lo dan ganador al actual jefe comunal, habr\u00e1 que esperar el escrutinio definitivo. El provisorio, lo da perdedor al alcalde, quien registra 4.088 votos.<\/p>\n\n\n\n<p><strong>Saavedra<\/strong><br>La tendencia de las PASO se confirm\u00f3 y el intendente peronista Hugo Corvatta perdi\u00f3 el distrito al sumar 6.265 votos (46,01%), mientras que Gustavo Notariago, de Juntos por el Cambio, cosech\u00f3 6.669 (48,98%).<\/p>\n\n\n\n<p><strong>Saliquell\u00f3<\/strong><br>El orden qued\u00f3 exactamente igual que en las elecciones primarias, por lo que el intendente de Juntos por el Cambio, Jorge Hern\u00e1ndez, sali\u00f3 tercero en las elecciones de este domingo. El alcalde sum\u00f3 1.715, mientras Ariel Sucurro, del Frente de Todos, quien gan\u00f3 los comicios, registr\u00f3 2.065. El segundo puesto fue para Juan Nosetti, del vecinalismo.<\/p>\n\n\n\n<p><strong>San Vicente<\/strong><br>Las primarias ya lo hab\u00edan anticipado. Finalmente, el intendente de Juntos por el Cambio, Mauricio G\u00f3mez, perdi\u00f3 la intendencia en manos de Nicol\u00e1s Mantegazza, del Frente de Todos. El joven dirigente peronista sum\u00f3 56,89% mientras que el alcalde lo hizo por 31,28%.<\/p>\n\n\n\n<p>En otros seis distritos de la Provincia, los intendentes decidieron no competir por la reelecci\u00f3n, pero dieron la bendici\u00f3n para que otro candidato lo haga en su lugar. Sin embargo los elegidos no lograron retener los distritos que fueron arrebatados por la oposici\u00f3n local.<\/p>\n\n\n\n<p><strong>San Antonio de Areco<\/strong><br>Como el intendente Francisco Dura\u00f1ona encabez\u00f3 la lista de senadores provinciales por la Segunda Secci\u00f3n, fue Nicol\u00e1s Marinkovic el candidato del Municipio. Sin embargo, no consigui\u00f3 retenerlo y perdi\u00f3 en manos del concejal de Juntos por el Cambio, Francisco Ratto, quien sac\u00f3 52,52% mientras que el candidato oficialista lo secund\u00f3 con 45,14%.<\/p>\n\n\n\n<p><strong>Las Flores<\/strong><br>Alberto Gelen\u00e9 volver\u00e1 a comandar el distrito despu\u00e9s de cuatro a\u00f1os, al superar al candidato oficialista a Federico Alejandro, quien compiti\u00f3 en lugar del intendente Ram\u00f3n Canosa, quien decidi\u00f3 no presentarse para la reelecci\u00f3n. Gelen\u00e9 gan\u00f3 de manera abrumadora, con el 59,57%; mientras que su oponente registr\u00f3 el 37,58%.<\/p>\n\n\n\n<p><strong>Luj\u00e1n<\/strong><br>Si bien el intendente Oscar Luciani decidi\u00f3 no presentarse para la reelecci\u00f3n, Facundo Casset, quien compiti\u00f3 en su lugar con Juntos por el Cambio, no logr\u00f3 retener el distrito para la alianza al ser superado por Leo Boto, del Frente de Todos, quien se impuso con el 45,10% de los votos. El oficialista, en tanto, sum\u00f3 41,14%.<\/p>\n\n\n\n<p><strong>Coronel Su\u00e1rez<\/strong><br>Regreso triunfal para el ex intendente Ricardo M\u00f3ccero, quien cosech\u00f3 el 52,54% de los votos, dejando fuera de competencia a Alberto Fern\u00e1ndez (de Juntos por el Cambio) que registr\u00f3 el 44,12%. En este caso, el intendente Roberto Palacio hab\u00eda decidido no competir, por lo que el 11 de agosto el oficialismo se midi\u00f3 en internas para elegir el candidato que competir\u00eda en las generales.<\/p>\n\n\n\n<p><strong>General Guido<\/strong><br>Cuando el hist\u00f3rico intendente An\u00edbal Loubet anunci\u00f3 que no competir\u00eda por las elecciones, pens\u00f3 Walter Arias lograr\u00eda retener el distrito en su nombre. Pens\u00f3 mal. Su candidato perdi\u00f3 por apenas 37 votos, al sumar 1.030. Carlos Rocha, del Frente de Todos, se qued\u00f3 con la elecci\u00f3n al registrar 1.067. Las 10 mesas ya fueron escrutadas en su totalidad.<\/p>\n\n\n\n<p><strong>Capit\u00e1n Sarmiento<\/strong><br>Si bien el intendente Oscar Ostoich no busc\u00f3 la reelecci\u00f3n, quien compiti\u00f3 en su lugar fue su esposa, Irma Elida Negri, quien no logr\u00f3 remontar el resultado de las PASO y finalmente perdi\u00f3 frente al exsecretario de Energ\u00eda, Javier Iguacel. El funcionario macrista cosech\u00f3 el 47,36% de los votos, mientras que la elegida del Frente de Todos se qued\u00f3 con el 35,52%. La diferencia entre ambos fue cercana a los 1.200 votos.<\/p>\n\n\n\n<p>Los casos de Moreno y Presidente Per\u00f3n tambi\u00e9n merecen una aclaraci\u00f3n aparte. Es que en ambos casos los actuales intendentes perdieron las internas en sus distritos en manos de candidatas mujeres y quedaron fuera de competencia en las PASO.<\/p>\n\n\n\n<p>En Moreno, Walter Festa fue derrotado por Mariel Fern\u00e1ndez, del Movimiento Evita; y en Presidente Per\u00f3n, An\u00edbal Regueiro fue abatido por la massista Blanca Cantero. Las dos ganaron las elecciones de este domingo y ser\u00e1n intendentas el 10 de diciembre.<\/p>\n","protected":false},"excerpt":{"rendered":"<p>De los 17 intendentes que, hasta el momento, no lograron renovar su mandato, 10 pertenecen a Juntos por el Cambio; cinco son del Frente de Todos; uno compiti\u00f3 con la boleta de Consenso Federal y el restante lo hizo con su agrupaci\u00f3n vecinal. Adem\u00e1s, en otros seis distritos el intendente decidi\u00f3 no competir por un [&hellip;]<\/p>\n","protected":false},"author":4,"featured_media":62936,"comment_status":"open","ping_status":"closed","sticky":false,"template":"","format":"standard","meta":{"om_disable_all_campaigns":false,"_jetpack_memberships_contains_paid_content":false,"footnotes":""},"categories":[621],"tags":[],"class_list":["post-62935","post","type-post","status-publish","format-standard","has-post-thumbnail","hentry","category-regionales"],"aioseo_notices":[],"gutentor_comment":0,"jetpack_featured_media_url":"https:\/\/eldiariodesanpedro.com.ar\/sitio\/wp-content\/uploads\/2019\/10\/Fernanda-Antonijevic-1.jpg","jetpack_shortlink":"https:\/\/wp.me\/p6RhLt-gn5","jetpack_sharing_enabled":true,"_links":{"self":[{"href":"https:\/\/eldiariodesanpedro.com.ar\/sitio\/wp-json\/wp\/v2\/posts\/62935","targetHints":{"allow":["GET"]}}],"collection":[{"href":"https:\/\/eldiariodesanpedro.com.ar\/sitio\/wp-json\/wp\/v2\/posts"}],"about":[{"href":"https:\/\/eldiariodesanpedro.com.ar\/sitio\/wp-json\/wp\/v2\/types\/post"}],"author":[{"embeddable":true,"href":"https:\/\/eldiariodesanpedro.com.ar\/sitio\/wp-json\/wp\/v2\/users\/4"}],"replies":[{"embeddable":true,"href":"https:\/\/eldiariodesanpedro.com.ar\/sitio\/wp-json\/wp\/v2\/comments?post=62935"}],"version-history":[{"count":1,"href":"https:\/\/eldiariodesanpedro.com.ar\/sitio\/wp-json\/wp\/v2\/posts\/62935\/revisions"}],"predecessor-version":[{"id":62937,"href":"https:\/\/eldiariodesanpedro.com.ar\/sitio\/wp-json\/wp\/v2\/posts\/62935\/revisions\/62937"}],"wp:featuredmedia":[{"embeddable":true,"href":"https:\/\/eldiariodesanpedro.com.ar\/sitio\/wp-json\/wp\/v2\/media\/62936"}],"wp:attachment":[{"href":"https:\/\/eldiariodesanpedro.com.ar\/sitio\/wp-json\/wp\/v2\/media?parent=62935"}],"wp:term":[{"taxonomy":"category","embeddable":true,"href":"https:\/\/eldiariodesanpedro.com.ar\/sitio\/wp-json\/wp\/v2\/categories?post=62935"},{"taxonomy":"post_tag","embeddable":true,"href":"https:\/\/eldiariodesanpedro.com.ar\/sitio\/wp-json\/wp\/v2\/tags?post=62935"}],"curies":[{"name":"wp","href":"https:\/\/api.w.org\/{rel}","templated":true}]}}