{"id":62932,"date":"2019-10-29T10:22:30","date_gmt":"2019-10-29T13:22:30","guid":{"rendered":"https:\/\/eldiariodesanpedro.com.ar\/sitio\/?p=62932"},"modified":"2019-10-29T10:22:34","modified_gmt":"2019-10-29T13:22:34","slug":"campana-campana-entre-las-ciudades-que-hicieron-valer-el-corte-de-boleta","status":"publish","type":"post","link":"https:\/\/eldiariodesanpedro.com.ar\/sitio\/campana-campana-entre-las-ciudades-que-hicieron-valer-el-corte-de-boleta\/","title":{"rendered":"CAMPANA |Campana entre las ciudades que hicieron valer el corte de boleta"},"content":{"rendered":"<!-- VideographyWP Plugin Message: Automatic video embedding prevented by plugin options. -->\n\n<p> El triunfo de Abella inscribi\u00f3 a nuestra ciudad entre aquellas en las cuales los intendentes del ex Cambiemos retuvieron su distrito. En varias localidades donde Mauricio Macri y Mar\u00eda Eugenia Vidal perdieron por amplia diferencia, sus jefes comunales lograron la reelecci\u00f3n. En la Provincia,\u00a0el Frente de Todos gobernar\u00e1 71 municipios, y Juntos por el Cambio 61.<\/p>\n\n\n\n<p>\n\nVarios intendentes de Juntos por el Cambio hicieron valer la decisi\u00f3n de despegarse de la imagen de Mauricio Macri y Mar\u00eda Eugenia Vidal, y lograron revertir los resultados de las Primarias en importantes municipios desde donde se perfilar\u00e1 la oposici\u00f3n al futuro gobierno de Axel Kicillof. Campana, tras el triunfo del Intendente Abella, se anota entre las que hoy se paran en la vereda de enfrente a los gobiernos de Naci\u00f3n y Provincia.<\/p>\n\n\n\n<p>Molestos con la decisi\u00f3n de no haber desdoblado la elecci\u00f3n bonaerense, tras el contundente rechazo en las PASO del 11 de agosto, la mayor\u00eda de los intendentes de Juntos por el Cambio municipalizaron la campa\u00f1a y promovieron el corte de boleta. En provincia de Buenos Aires, donde Alberto Fern\u00e1ndez se impuso por 15 puntos (51% a 36%) frente a Macri, y Kicillof derrot\u00f3 a Vidal 52% a 38%, los jefes comunales del hasta entonces oficialismo lograron la reelecci\u00f3n en la mayor\u00eda de los distritos.<\/p>\n\n\n\n<p>Con el 95% de las mesas bonaerenses escrutadas se confirm\u00f3 que a partir de diciembre, de los 135 municipios, el Frente de Todos gobernar\u00e1 71, y Juntos por el Cambio 61. Consenso Federal solo logr\u00f3 representaci\u00f3n en Chivilcoy con Fabio Britos, mientras que Villarino y Tres Arroyos seguir\u00e1n administrados por partidos vecinales. Luego de la catarsis que se hizo entre los jefes comunales y Vidal, la apuesta \u201coptimista\u201d era conservar 60 de las 69 intendencias. Para ese entonces, desde el gobierno daban por sentado que Quilmes, Berisso, San Vicente, Luj\u00e1n y General Rodr\u00edguez eran batallas perdidas, pero que trabajar\u00edan para dar pelea en La Plata, Lan\u00fas, Tres de Febrero, Bah\u00eda Blanca, Pilar y Mor\u00f3n. Pese a la derrota de la gobernadora y al retroceso en cuanto al poder territorial, el macrismo revirti\u00f3 la tendencia y se afianz\u00f3 en cuatro de los seis municipios apuntados.&nbsp;<\/p>\n\n\n\n<p>El poder\u00edo de los intendentes del PJ se not\u00f3 con resultados abrumadores en el conurbano bonaerense. En sus municipios traccionaron la mayor\u00eda de los votos que llevaron a Fern\u00e1ndez a la Casa Rosada, y a Kicillof a la gobernaci\u00f3n de la provincia. Mariano Cascallares en Almirante Brown; Jorge Ferraresi en Avellaneda; Andr\u00e9s Watson en Florencio Varela; Mario Secco en Ensenada; Ariel Sujarchuk en Escobar, Gabriel Katopodis en San Mart\u00edn; el actual presidente del PJ bonaerense Fernando Gray en Esteban Echeverr\u00eda; Juan Zabaleta en Hurlingham; Alberto Descalzo en Ituzaing\u00f3; Mario Ishii en Jos\u00e9 C. Paz; Leonardo Nardini en Malvinas; Gustavo Men\u00e9ndez en Merlo; Mariel Fern\u00e1ndez en Moreno; Julio Zamora en Tigre; Fernando Espinoza en La Matanza; Juan Jos\u00e9 Mussi en Berazategui; y Mart\u00edn Insaurralde en Lomas de Zamora, superaron a las f\u00f3rmulas de Juntos por el Cambio en la mayor\u00eda de los casos por mas del 55% de los votos.<\/p>\n\n\n\n<p>Pero en la Primera Secci\u00f3n Electoral, a la que pertenecemos, la cosa no fue tan pareja, y la reelecci\u00f3n de Abella adquiere otra dimensi\u00f3n: de un total de 24 municipios, 6 ser\u00e1n gobernados por Juntos por el Cambio y 18 estar\u00e1n en manos del peronismo, a saber:<\/p>\n\n\n\n<p>Juntos por el Cambio:<\/p>\n\n\n\n<p>Campana: Sebasti\u00e1n Abella. San Isidro: Gustavo Posse.&nbsp;San Miguel: Jaime M\u00e9ndez.&nbsp;Suipacha: Alejandro Federico. Tres de Febrero: Diego Valenzuela.&nbsp;Vicente L\u00f3pez: Jorge Macri.&nbsp;<\/p>\n\n\n\n<p>Frente de Todos:<\/p>\n\n\n\n<p>Escobar: Ariel Sujarchuk.General Las Heras: Javier Ozuna.&nbsp;General Rodr\u00edguez: Mauro Garc\u00eda.&nbsp;General San Mart\u00edn: Gabriel Katopodis.&nbsp;Hurlingham: Juan Zabaleta.&nbsp;Ituzaing\u00f3: Alberto Descalzo.&nbsp;Jos\u00e9 C. Paz: Alberto Ishii.&nbsp;Luj\u00e1n: Leonardo Boto. Malvinas Argentinas: Leonardo Nardini.&nbsp;Marcos Paz: Ricardo Curutchet. Mercedes: Juan Ignacio Ustarroz. Merlo: Gustavo Men\u00e9ndez.&nbsp;Moreno: Mariel Fern\u00e1ndez.&nbsp;Mor\u00f3n: Lucas Ghi.&nbsp;Navarro: Santiago Maggiotti.&nbsp;Pilar: Federico Ach\u00e1val.&nbsp;San Fernando: Juan Andreotti.&nbsp;Tigre: Julio Zamora.<\/p>\n\n\n\n<p>Rodeada por ciudades cuyas conducciones representan al Frente de Todos, como Z\u00e1rate, Escobar, Pilar, Exaltaci\u00f3n de la Cruz y San Fernando, Campana deber\u00e1 fortalecerse y buscar estrategias para, desde lo regional, reactivar la producci\u00f3n y el empleo afectados por la crisis econ\u00f3mica de los \u00faltimos tiempos. <\/p>\n\n\n\n<p>Fuente: Campan Noticias<\/p>\n","protected":false},"excerpt":{"rendered":"<p>El triunfo de Abella inscribi\u00f3 a nuestra ciudad entre aquellas en las cuales los intendentes del ex Cambiemos retuvieron su distrito. En varias localidades donde Mauricio Macri y Mar\u00eda Eugenia Vidal perdieron por amplia diferencia, sus jefes comunales lograron la reelecci\u00f3n. En la Provincia,\u00a0el Frente de Todos gobernar\u00e1 71 municipios, y Juntos por el Cambio [&hellip;]<\/p>\n","protected":false},"author":4,"featured_media":62933,"comment_status":"open","ping_status":"closed","sticky":false,"template":"","format":"standard","meta":{"om_disable_all_campaigns":false,"_jetpack_memberships_contains_paid_content":false,"footnotes":""},"categories":[621],"tags":[],"class_list":["post-62932","post","type-post","status-publish","format-standard","has-post-thumbnail","hentry","category-regionales"],"aioseo_notices":[],"gutentor_comment":0,"jetpack_featured_media_url":"https:\/\/eldiariodesanpedro.com.ar\/sitio\/wp-content\/uploads\/2019\/10\/20191028050924.jpg","jetpack_shortlink":"https:\/\/wp.me\/p6RhLt-gn2","jetpack_sharing_enabled":true,"_links":{"self":[{"href":"https:\/\/eldiariodesanpedro.com.ar\/sitio\/wp-json\/wp\/v2\/posts\/62932","targetHints":{"allow":["GET"]}}],"collection":[{"href":"https:\/\/eldiariodesanpedro.com.ar\/sitio\/wp-json\/wp\/v2\/posts"}],"about":[{"href":"https:\/\/eldiariodesanpedro.com.ar\/sitio\/wp-json\/wp\/v2\/types\/post"}],"author":[{"embeddable":true,"href":"https:\/\/eldiariodesanpedro.com.ar\/sitio\/wp-json\/wp\/v2\/users\/4"}],"replies":[{"embeddable":true,"href":"https:\/\/eldiariodesanpedro.com.ar\/sitio\/wp-json\/wp\/v2\/comments?post=62932"}],"version-history":[{"count":1,"href":"https:\/\/eldiariodesanpedro.com.ar\/sitio\/wp-json\/wp\/v2\/posts\/62932\/revisions"}],"predecessor-version":[{"id":62934,"href":"https:\/\/eldiariodesanpedro.com.ar\/sitio\/wp-json\/wp\/v2\/posts\/62932\/revisions\/62934"}],"wp:featuredmedia":[{"embeddable":true,"href":"https:\/\/eldiariodesanpedro.com.ar\/sitio\/wp-json\/wp\/v2\/media\/62933"}],"wp:attachment":[{"href":"https:\/\/eldiariodesanpedro.com.ar\/sitio\/wp-json\/wp\/v2\/media?parent=62932"}],"wp:term":[{"taxonomy":"category","embeddable":true,"href":"https:\/\/eldiariodesanpedro.com.ar\/sitio\/wp-json\/wp\/v2\/categories?post=62932"},{"taxonomy":"post_tag","embeddable":true,"href":"https:\/\/eldiariodesanpedro.com.ar\/sitio\/wp-json\/wp\/v2\/tags?post=62932"}],"curies":[{"name":"wp","href":"https:\/\/api.w.org\/{rel}","templated":true}]}}