{"id":62929,"date":"2019-10-29T10:20:24","date_gmt":"2019-10-29T13:20:24","guid":{"rendered":"https:\/\/eldiariodesanpedro.com.ar\/sitio\/?p=62929"},"modified":"2019-10-29T10:20:28","modified_gmt":"2019-10-29T13:20:28","slug":"campana-investigan-la-muerte-de-un-nene-de-11-anos","status":"publish","type":"post","link":"https:\/\/eldiariodesanpedro.com.ar\/sitio\/campana-investigan-la-muerte-de-un-nene-de-11-anos\/","title":{"rendered":"CAMPANA | Investigan la muerte de un nene de 11 a\u00f1os"},"content":{"rendered":"<!-- VideographyWP Plugin Message: Automatic video embedding prevented by plugin options. -->\n\n<p> Ingres\u00f3 al Hospital San Jos\u00e9 el Viernes por la noche y muri\u00f3 poco despu\u00e9s, tras realizar un paro cardiorespiratorio. El menor viv\u00eda junto a su familia en Z\u00e1rate. Una autopsia intentar\u00e1 determinar los causales de muerte.<\/p>\n\n\n\n<p> El pasado Viernes por la noche, un ni\u00f1o de once a\u00f1os ingres\u00f3 por la guardia del hospital San Jos\u00e9, evidenciando alg\u00fan tipo de malestar.<\/p>\n\n\n\n<p>El ni\u00f1o fue asistido por un m\u00e9dico pediatra, y de inmediato se le asignaron distintos estudios en busca de un diagn\u00f3stico. Sin embargo, seg\u00fan fuentes del nosocomio p\u00fablico, a la hora de haber ingresado sufri\u00f3 un paro card\u00edaco, y muri\u00f3.<\/p>\n\n\n\n<p>Los esfuerzos por reanimarlo fueron en vano. El peque\u00f1o era alumno de la escuela N\u00b0 35 de Z\u00e1rate, y al parecer se encontraba con su familia.<\/p>\n\n\n\n<p>Como ocurre en estos casos, se orden\u00f3 una autopsia para develar los causales de muerte. <\/p>\n\n\n\n<p>Fuente: Campana Noticias<\/p>\n","protected":false},"excerpt":{"rendered":"<p>Ingres\u00f3 al Hospital San Jos\u00e9 el Viernes por la noche y muri\u00f3 poco despu\u00e9s, tras realizar un paro cardiorespiratorio. El menor viv\u00eda junto a su familia en Z\u00e1rate. Una autopsia intentar\u00e1 determinar los causales de muerte. El pasado Viernes por la noche, un ni\u00f1o de once a\u00f1os ingres\u00f3 por la guardia del hospital San Jos\u00e9, [&hellip;]<\/p>\n","protected":false},"author":4,"featured_media":62930,"comment_status":"open","ping_status":"closed","sticky":false,"template":"","format":"standard","meta":{"om_disable_all_campaigns":false,"_jetpack_memberships_contains_paid_content":false,"footnotes":""},"categories":[621],"tags":[],"class_list":["post-62929","post","type-post","status-publish","format-standard","has-post-thumbnail","hentry","category-regionales"],"aioseo_notices":[],"gutentor_comment":0,"jetpack_featured_media_url":"https:\/\/eldiariodesanpedro.com.ar\/sitio\/wp-content\/uploads\/2019\/10\/20191028064529.jpg","jetpack_shortlink":"https:\/\/wp.me\/p6RhLt-gmZ","jetpack_sharing_enabled":true,"_links":{"self":[{"href":"https:\/\/eldiariodesanpedro.com.ar\/sitio\/wp-json\/wp\/v2\/posts\/62929","targetHints":{"allow":["GET"]}}],"collection":[{"href":"https:\/\/eldiariodesanpedro.com.ar\/sitio\/wp-json\/wp\/v2\/posts"}],"about":[{"href":"https:\/\/eldiariodesanpedro.com.ar\/sitio\/wp-json\/wp\/v2\/types\/post"}],"author":[{"embeddable":true,"href":"https:\/\/eldiariodesanpedro.com.ar\/sitio\/wp-json\/wp\/v2\/users\/4"}],"replies":[{"embeddable":true,"href":"https:\/\/eldiariodesanpedro.com.ar\/sitio\/wp-json\/wp\/v2\/comments?post=62929"}],"version-history":[{"count":1,"href":"https:\/\/eldiariodesanpedro.com.ar\/sitio\/wp-json\/wp\/v2\/posts\/62929\/revisions"}],"predecessor-version":[{"id":62931,"href":"https:\/\/eldiariodesanpedro.com.ar\/sitio\/wp-json\/wp\/v2\/posts\/62929\/revisions\/62931"}],"wp:featuredmedia":[{"embeddable":true,"href":"https:\/\/eldiariodesanpedro.com.ar\/sitio\/wp-json\/wp\/v2\/media\/62930"}],"wp:attachment":[{"href":"https:\/\/eldiariodesanpedro.com.ar\/sitio\/wp-json\/wp\/v2\/media?parent=62929"}],"wp:term":[{"taxonomy":"category","embeddable":true,"href":"https:\/\/eldiariodesanpedro.com.ar\/sitio\/wp-json\/wp\/v2\/categories?post=62929"},{"taxonomy":"post_tag","embeddable":true,"href":"https:\/\/eldiariodesanpedro.com.ar\/sitio\/wp-json\/wp\/v2\/tags?post=62929"}],"curies":[{"name":"wp","href":"https:\/\/api.w.org\/{rel}","templated":true}]}}