{"id":62926,"date":"2019-10-29T10:18:37","date_gmt":"2019-10-29T13:18:37","guid":{"rendered":"https:\/\/eldiariodesanpedro.com.ar\/sitio\/?p=62926"},"modified":"2019-10-29T10:18:41","modified_gmt":"2019-10-29T13:18:41","slug":"arrecifes-un-cachetazo-a-la-mala-educacion","status":"publish","type":"post","link":"https:\/\/eldiariodesanpedro.com.ar\/sitio\/arrecifes-un-cachetazo-a-la-mala-educacion\/","title":{"rendered":"ARRECIFES | Un cachetazo a la mala educaci\u00f3n"},"content":{"rendered":"<!-- VideographyWP Plugin Message: Automatic video embedding prevented by plugin options. -->\n\n<p>En esta \u00e9poca convulsionada por diferencias pol\u00edticas, muchos de los \u00abm\u00e1s adultos\u00bb ocupamos nuestro tiempo en sentarnos frente a una computadora a leer qu\u00e9 dice \u00abel otro\u00bb y criticarlo, descalificarlo y agredirlo si no piensa como nosotros. Mientras tanto, un grupo de j\u00f3venes arrecife\u00f1os se dedica a algo mucho m\u00e1s productivo y sano como es arremangarse y ponerse a trabajar por la comunidad, por el pr\u00f3jimo, por todos.<\/p>\n\n\n\n<p>Ellos no se detienen en quejas vac\u00edas y ponen manos a la obra, d\u00e1ndonos un gran ejemplo a quienes nos miramos s\u00f3lo nuestro ombligo y no aportamos nada para vivir en una sociedad mejor.<\/p>\n\n\n\n<p>El grupo EcoBotellas Arrecifes estuvo en la Vuelta del Perro limpiando la mugre, la basura que arrojan sus mismos vecinos, dejando en evidencia cu\u00e1nto nos falta aprender y respetar como humanos convivientes.<\/p>\n\n\n\n<p>Esto publicaron en Facebook:<br><em>Hoy les venimos a mostrar lo que fue la jornada del s\u00e1bado. \u201cArrecifes Limpia\u201d.<\/em><br><em>La verdad es que quedamos muy conmocionados por la cantidad de basura que encontramos en ese lugar, si bien en dos horas dimos todo y pudimos juntar bastante pero qued\u00f3 mucha m\u00e1s que ya no pod\u00edamos levantar o tocar.<br>Ahora que sab\u00e9s que somos muchos los que nos preocupamos, ahora que sab\u00e9s que nos tomamos el trabajo de ir a limpiar el lugar, ahora que sab\u00e9s que no obtenemos ning\u00fan beneficio, solo ver una parte de nuestra ciudad m\u00e1s verde, \u00bfpara que seguir tirando basura? \u00bfTenemos que llegar a mostrar todo esto para que se den cuenta y no tiren m\u00e1s basura?<br>Todo esto lo realizamos el d\u00eda s\u00e1bado 26\/10 y el 28\/10 nos encontramos con esta situaci\u00f3n: VOLVIERON A TIRAR BASURA, lo que indigna much\u00edsimo, todo nuestro esfuerzo y la ense\u00f1anza a los mas chicos. Aprendamos a generar y compartir buenos h\u00e1bitos. A tan solo unos minutos de la ciudad tenemos el basural, difundamos y esperamos que no vuelva a pasar.<br>\u00a1SI NOSOTROS PUDIMOS LIMPIAR, USTED PUEDE NO ENSUCIAR!<br>Gracias a todos los que colaboraron el s\u00e1bado.<\/em><\/p>\n","protected":false},"excerpt":{"rendered":"<p>En esta \u00e9poca convulsionada por diferencias pol\u00edticas, muchos de los \u00abm\u00e1s adultos\u00bb ocupamos nuestro tiempo en sentarnos frente a una computadora a leer qu\u00e9 dice \u00abel otro\u00bb y criticarlo, descalificarlo y agredirlo si no piensa como nosotros. Mientras tanto, un grupo de j\u00f3venes arrecife\u00f1os se dedica a algo mucho m\u00e1s productivo y sano como es [&hellip;]<\/p>\n","protected":false},"author":4,"featured_media":62927,"comment_status":"open","ping_status":"closed","sticky":false,"template":"","format":"standard","meta":{"om_disable_all_campaigns":false,"_jetpack_memberships_contains_paid_content":false,"footnotes":""},"categories":[621],"tags":[],"class_list":["post-62926","post","type-post","status-publish","format-standard","has-post-thumbnail","hentry","category-regionales"],"aioseo_notices":[],"gutentor_comment":0,"jetpack_featured_media_url":"https:\/\/eldiariodesanpedro.com.ar\/sitio\/wp-content\/uploads\/2019\/10\/EcoBotellas-limpieza-3-799x510.jpg","jetpack_shortlink":"https:\/\/wp.me\/p6RhLt-gmW","jetpack_sharing_enabled":true,"_links":{"self":[{"href":"https:\/\/eldiariodesanpedro.com.ar\/sitio\/wp-json\/wp\/v2\/posts\/62926","targetHints":{"allow":["GET"]}}],"collection":[{"href":"https:\/\/eldiariodesanpedro.com.ar\/sitio\/wp-json\/wp\/v2\/posts"}],"about":[{"href":"https:\/\/eldiariodesanpedro.com.ar\/sitio\/wp-json\/wp\/v2\/types\/post"}],"author":[{"embeddable":true,"href":"https:\/\/eldiariodesanpedro.com.ar\/sitio\/wp-json\/wp\/v2\/users\/4"}],"replies":[{"embeddable":true,"href":"https:\/\/eldiariodesanpedro.com.ar\/sitio\/wp-json\/wp\/v2\/comments?post=62926"}],"version-history":[{"count":1,"href":"https:\/\/eldiariodesanpedro.com.ar\/sitio\/wp-json\/wp\/v2\/posts\/62926\/revisions"}],"predecessor-version":[{"id":62928,"href":"https:\/\/eldiariodesanpedro.com.ar\/sitio\/wp-json\/wp\/v2\/posts\/62926\/revisions\/62928"}],"wp:featuredmedia":[{"embeddable":true,"href":"https:\/\/eldiariodesanpedro.com.ar\/sitio\/wp-json\/wp\/v2\/media\/62927"}],"wp:attachment":[{"href":"https:\/\/eldiariodesanpedro.com.ar\/sitio\/wp-json\/wp\/v2\/media?parent=62926"}],"wp:term":[{"taxonomy":"category","embeddable":true,"href":"https:\/\/eldiariodesanpedro.com.ar\/sitio\/wp-json\/wp\/v2\/categories?post=62926"},{"taxonomy":"post_tag","embeddable":true,"href":"https:\/\/eldiariodesanpedro.com.ar\/sitio\/wp-json\/wp\/v2\/tags?post=62926"}],"curies":[{"name":"wp","href":"https:\/\/api.w.org\/{rel}","templated":true}]}}