{"id":62923,"date":"2019-10-29T10:17:12","date_gmt":"2019-10-29T13:17:12","guid":{"rendered":"https:\/\/eldiariodesanpedro.com.ar\/sitio\/?p=62923"},"modified":"2019-10-29T10:17:16","modified_gmt":"2019-10-29T13:17:16","slug":"san-nicolas-continua-la-alfabetizacion-digital-para-la-tercera-edad","status":"publish","type":"post","link":"https:\/\/eldiariodesanpedro.com.ar\/sitio\/san-nicolas-continua-la-alfabetizacion-digital-para-la-tercera-edad\/","title":{"rendered":"SAN NICOL\u00c1S | Contin\u00faa la alfabetizaci\u00f3n digital para la tercera edad"},"content":{"rendered":"<!-- VideographyWP Plugin Message: Automatic video embedding prevented by plugin options. -->\n\n<p>\n\nLos martes de 9 a 11 hs. contin\u00faan los cursos de Alfabetizaci\u00f3n Digital con el objetivo de incluir a las personas de la tercera edad dentro del mundo digital.<\/p>\n\n\n\n<p>Durante la capacitaci\u00f3n se les brindan herramientas para que puedan utilizar las aplicaciones que permiten realizar tr\u00e1mites online, comunicarse en las redes sociales y capacitarlos para que sean menos vulnerables a los ciberdelitos.<\/p>\n\n\n\n<p>El curso se realiza todos los martes de 9 a 11 hs. en el Punto Digital que se encuentra en el Club de Emprendedores (Morteo 101) con la colaboraci\u00f3n de los alumnos de la Escuela T\u00e9cnica N\u00ba 5 \u201cJos\u00e9 Antonio Bocanera\u201d de La Emilia.<\/p>\n\n\n\n<p>La actividad es totalmente gratuita y los interesados deben ir el d\u00eda del curso, sin inscripci\u00f3n previa. Los temas que se tratan son los siguientes:<\/p>\n\n\n\n<p>\u00b7 Asesoramiento sobre uso de telefon\u00eda celular (Whatsapp, Redes Sociales, Tienda para descargar aplicaciones, Tarjeta de Memoria, Backup.<\/p>\n\n\n\n<p>\u00b7 Asesoramiento sobre uso de PC (Tramites online, word, excel, navegador de internet, redes sociales)<\/p>\n\n\n\n<p>\u00b7 Prevenci\u00f3n de amenazas (Phishing, Grooming, amenazas de virus y todo tipo de ciberdelitos).<\/p>\n\n\n\n<p>El Punto Digital San Nicol\u00e1s tendr\u00e1 muchas actividades durante el a\u00f1o, creando un espacio de conocimiento, participaci\u00f3n y entretenimiento. <\/p>\n\n\n\n<p>Fuente: Diario El Informante<\/p>\n","protected":false},"excerpt":{"rendered":"<p>Los martes de 9 a 11 hs. contin\u00faan los cursos de Alfabetizaci\u00f3n Digital con el objetivo de incluir a las personas de la tercera edad dentro del mundo digital. Durante la capacitaci\u00f3n se les brindan herramientas para que puedan utilizar las aplicaciones que permiten realizar tr\u00e1mites online, comunicarse en las redes sociales y capacitarlos para [&hellip;]<\/p>\n","protected":false},"author":4,"featured_media":62924,"comment_status":"open","ping_status":"closed","sticky":false,"template":"","format":"standard","meta":{"om_disable_all_campaigns":false,"_jetpack_memberships_contains_paid_content":false,"footnotes":""},"categories":[621],"tags":[],"class_list":["post-62923","post","type-post","status-publish","format-standard","has-post-thumbnail","hentry","category-regionales"],"aioseo_notices":[],"gutentor_comment":0,"jetpack_featured_media_url":"https:\/\/eldiariodesanpedro.com.ar\/sitio\/wp-content\/uploads\/2019\/10\/no_p6bzsrezhzy5p6yalfa.jpg","jetpack_shortlink":"https:\/\/wp.me\/p6RhLt-gmT","jetpack_sharing_enabled":true,"_links":{"self":[{"href":"https:\/\/eldiariodesanpedro.com.ar\/sitio\/wp-json\/wp\/v2\/posts\/62923","targetHints":{"allow":["GET"]}}],"collection":[{"href":"https:\/\/eldiariodesanpedro.com.ar\/sitio\/wp-json\/wp\/v2\/posts"}],"about":[{"href":"https:\/\/eldiariodesanpedro.com.ar\/sitio\/wp-json\/wp\/v2\/types\/post"}],"author":[{"embeddable":true,"href":"https:\/\/eldiariodesanpedro.com.ar\/sitio\/wp-json\/wp\/v2\/users\/4"}],"replies":[{"embeddable":true,"href":"https:\/\/eldiariodesanpedro.com.ar\/sitio\/wp-json\/wp\/v2\/comments?post=62923"}],"version-history":[{"count":1,"href":"https:\/\/eldiariodesanpedro.com.ar\/sitio\/wp-json\/wp\/v2\/posts\/62923\/revisions"}],"predecessor-version":[{"id":62925,"href":"https:\/\/eldiariodesanpedro.com.ar\/sitio\/wp-json\/wp\/v2\/posts\/62923\/revisions\/62925"}],"wp:featuredmedia":[{"embeddable":true,"href":"https:\/\/eldiariodesanpedro.com.ar\/sitio\/wp-json\/wp\/v2\/media\/62924"}],"wp:attachment":[{"href":"https:\/\/eldiariodesanpedro.com.ar\/sitio\/wp-json\/wp\/v2\/media?parent=62923"}],"wp:term":[{"taxonomy":"category","embeddable":true,"href":"https:\/\/eldiariodesanpedro.com.ar\/sitio\/wp-json\/wp\/v2\/categories?post=62923"},{"taxonomy":"post_tag","embeddable":true,"href":"https:\/\/eldiariodesanpedro.com.ar\/sitio\/wp-json\/wp\/v2\/tags?post=62923"}],"curies":[{"name":"wp","href":"https:\/\/api.w.org\/{rel}","templated":true}]}}