{"id":62919,"date":"2019-10-29T10:15:39","date_gmt":"2019-10-29T13:15:39","guid":{"rendered":"https:\/\/eldiariodesanpedro.com.ar\/sitio\/?p=62919"},"modified":"2019-10-29T10:15:44","modified_gmt":"2019-10-29T13:15:44","slug":"san-nicolas-el-oficialismo-quedara-con-mayoria-simple-en-el-concejo","status":"publish","type":"post","link":"https:\/\/eldiariodesanpedro.com.ar\/sitio\/san-nicolas-el-oficialismo-quedara-con-mayoria-simple-en-el-concejo\/","title":{"rendered":"SAN NICOL\u00c1S | El oficialismo quedar\u00e1 con mayor\u00eda simple en el Concejo"},"content":{"rendered":"<!-- VideographyWP Plugin Message: Automatic video embedding prevented by plugin options. -->\n\n<p>\n\nEn la elecci\u00f3n del \u00faltimo domingo los nicole\u00f1os elegimos junto con el candidato a intendente, los postulantes al Concejo Deliberante. De las 20 bancas que lo conforman, 10 deben renovarse. Con el resultado electoral, Juntos por el Cambio logr\u00f3 colocar 6 concejales, mientras que desde el Frente de Todos ingresar\u00e1n 4.<\/p>\n\n\n\n<p>Actualmente el oficialismo cuenta con 13 bancas. A partir de diciembre pr\u00f3ximo tendr\u00e1 solo 11 aunque mantiene la mayor\u00eda simple.<\/p>\n\n\n\n<p>En el bloque oficialista, actualmente Cambiemos, vencen 8 bancas, las de Sergio Ponce (actual presidente del Concejo), Danilo Petroni (jefe del bloque de Cambiemos), Sergio Gim\u00e9nez (vicepresidente del Cuerpo), Mauricio Bosco, Valeria S\u00e1nchez, Carlos Deniau, Julio Pasqualin y Mar\u00eda Laura V\u00e1squez.<\/p>\n\n\n\n<p>Mientras que Ignacio Mateucci, Adriana Gonz\u00e1lez, Jos\u00e9 Alberto Petrucci, Silvia Moyano y Mar\u00eda Eugenia Oviedo, electos en 2017, conservan sus bancas hasta diciembre de 2021.<\/p>\n\n\n\n<p>Por el lado de la oposici\u00f3n, vencen en diciembre pr\u00f3ximo los puestos de los concejales electos en 2015 por el Frente Renovador Jos\u00e9 Antonio Corral y Carlos Mantelli. En tanto, Luciano Pastocchi y Florencia V\u00e1zquez seguir\u00e1n hasta 2021.<\/p>\n\n\n\n<p>Los concejales que conforman el bloque de Unidad Ciudadana, Germ\u00e1n Jaime, Muriel Engelbrecht y Jes\u00fas G\u00f3mez, tambi\u00e9n mantienen sus bancas ya que fueron electos en 2017.<\/p>\n\n\n\n<p>En s\u00edntesis, el pr\u00f3ximo 10 de diciembre asumir\u00e1n Danilo Petroni (renueva), Agustina Gruffat, Julio Pascual\u00edn (renueva), Florencia Beterette, Sergio Ponce (renueva) y Mar\u00eda Laura V\u00e1zquez (renueva) de Juntos por el Cambio; m\u00e1s Jos\u00e9 Antonio \u00abBochita\u00bb Corral (renueva), Paola Enrico, Maximiliano Cabaleyro y Bibiana Giglio por el Frente de Todos. <\/p>\n\n\n\n<p>Fuente: Diario El Informante<\/p>\n","protected":false},"excerpt":{"rendered":"<p>En la elecci\u00f3n del \u00faltimo domingo los nicole\u00f1os elegimos junto con el candidato a intendente, los postulantes al Concejo Deliberante. De las 20 bancas que lo conforman, 10 deben renovarse. Con el resultado electoral, Juntos por el Cambio logr\u00f3 colocar 6 concejales, mientras que desde el Frente de Todos ingresar\u00e1n 4. Actualmente el oficialismo cuenta [&hellip;]<\/p>\n","protected":false},"author":4,"featured_media":62920,"comment_status":"open","ping_status":"closed","sticky":false,"template":"","format":"standard","meta":{"om_disable_all_campaigns":false,"_jetpack_memberships_contains_paid_content":false,"footnotes":""},"categories":[621],"tags":[],"class_list":["post-62919","post","type-post","status-publish","format-standard","has-post-thumbnail","hentry","category-regionales"],"aioseo_notices":[],"gutentor_comment":0,"jetpack_featured_media_url":"https:\/\/eldiariodesanpedro.com.ar\/sitio\/wp-content\/uploads\/2019\/10\/no_440yy3nh445knekHCD.jpg","jetpack_shortlink":"https:\/\/wp.me\/p6RhLt-gmP","jetpack_sharing_enabled":true,"_links":{"self":[{"href":"https:\/\/eldiariodesanpedro.com.ar\/sitio\/wp-json\/wp\/v2\/posts\/62919","targetHints":{"allow":["GET"]}}],"collection":[{"href":"https:\/\/eldiariodesanpedro.com.ar\/sitio\/wp-json\/wp\/v2\/posts"}],"about":[{"href":"https:\/\/eldiariodesanpedro.com.ar\/sitio\/wp-json\/wp\/v2\/types\/post"}],"author":[{"embeddable":true,"href":"https:\/\/eldiariodesanpedro.com.ar\/sitio\/wp-json\/wp\/v2\/users\/4"}],"replies":[{"embeddable":true,"href":"https:\/\/eldiariodesanpedro.com.ar\/sitio\/wp-json\/wp\/v2\/comments?post=62919"}],"version-history":[{"count":1,"href":"https:\/\/eldiariodesanpedro.com.ar\/sitio\/wp-json\/wp\/v2\/posts\/62919\/revisions"}],"predecessor-version":[{"id":62921,"href":"https:\/\/eldiariodesanpedro.com.ar\/sitio\/wp-json\/wp\/v2\/posts\/62919\/revisions\/62921"}],"wp:featuredmedia":[{"embeddable":true,"href":"https:\/\/eldiariodesanpedro.com.ar\/sitio\/wp-json\/wp\/v2\/media\/62920"}],"wp:attachment":[{"href":"https:\/\/eldiariodesanpedro.com.ar\/sitio\/wp-json\/wp\/v2\/media?parent=62919"}],"wp:term":[{"taxonomy":"category","embeddable":true,"href":"https:\/\/eldiariodesanpedro.com.ar\/sitio\/wp-json\/wp\/v2\/categories?post=62919"},{"taxonomy":"post_tag","embeddable":true,"href":"https:\/\/eldiariodesanpedro.com.ar\/sitio\/wp-json\/wp\/v2\/tags?post=62919"}],"curies":[{"name":"wp","href":"https:\/\/api.w.org\/{rel}","templated":true}]}}