{"id":62912,"date":"2019-10-29T09:49:19","date_gmt":"2019-10-29T12:49:19","guid":{"rendered":"https:\/\/eldiariodesanpedro.com.ar\/sitio\/?p=62912"},"modified":"2019-10-29T09:49:23","modified_gmt":"2019-10-29T12:49:23","slug":"nuevos-talleres-del-centro-casella","status":"publish","type":"post","link":"https:\/\/eldiariodesanpedro.com.ar\/sitio\/nuevos-talleres-del-centro-casella\/","title":{"rendered":"Nuevos talleres del Centro Casella"},"content":{"rendered":"<!-- VideographyWP Plugin Message: Automatic video embedding prevented by plugin options. -->\n\n<p>\n\nEl lunes comienzan los talleres de Cer\u00e1mica y Pintura en la sede que reabrimos el pasado 24 de octubre.<br>Hay talleres para ni\u00f1os, adolescentes y adultos. Acercate al Centro Cultural Abelardo Castillo y anotate. El \u00fanico requisito es asociarte a la Cooperadora, por un costo de $50 mensuales.<\/p>\n\n\n\n<p>Horarios:<\/p>\n\n\n\n<p>*Cer\u00e1mica Ni\u00f1os 6 a 12 a\u00f1os<br>&#8211; Martes 9.00 a 11.00<br>&#8211; Mi\u00e9rcoles 18.00 a 19.30<\/p>\n\n\n\n<p>*Cer\u00e1mica Adultos +12 a\u00f1os<br>-Mi\u00e9rcoles:19.30 a 21.00<br>-Jueves: 9.30 a 11.00<\/p>\n\n\n\n<p>&#8211; Viernes 18.00 a 19.30 todas las edades<\/p>\n\n\n\n<p>*Dibujo Ni\u00f1os 6 a 12 a\u00f1os<br>&#8211; Lunes 9.30 a 11.00<br>&#8211; Mi\u00e9rcoles 14.00 a 15.30<\/p>\n\n\n\n<p>*Dibujo Adultos + 12 a\u00f1os<br>&#8211; Lunes 18.00 a 19.30<br>&#8211; Martes 19.00 a 21.00 <\/p>\n\n\n\n<p><\/p>\n","protected":false},"excerpt":{"rendered":"<p>El lunes comienzan los talleres de Cer\u00e1mica y Pintura en la sede que reabrimos el pasado 24 de octubre.Hay talleres para ni\u00f1os, adolescentes y adultos. Acercate al Centro Cultural Abelardo Castillo y anotate. El \u00fanico requisito es asociarte a la Cooperadora, por un costo de $50 mensuales. Horarios: *Cer\u00e1mica Ni\u00f1os 6 a 12 a\u00f1os&#8211; Martes [&hellip;]<\/p>\n","protected":false},"author":4,"featured_media":62913,"comment_status":"open","ping_status":"closed","sticky":false,"template":"","format":"standard","meta":{"om_disable_all_campaigns":false,"_jetpack_memberships_contains_paid_content":false,"footnotes":""},"categories":[101,2],"tags":[],"class_list":["post-62912","post","type-post","status-publish","format-standard","has-post-thumbnail","hentry","category-interes-general-locales","category-locales"],"aioseo_notices":[],"gutentor_comment":0,"jetpack_featured_media_url":"https:\/\/eldiariodesanpedro.com.ar\/sitio\/wp-content\/uploads\/2019\/10\/74615504_1438437692975243_3022510104151851008_n.png","jetpack_shortlink":"https:\/\/wp.me\/p6RhLt-gmI","jetpack_sharing_enabled":true,"_links":{"self":[{"href":"https:\/\/eldiariodesanpedro.com.ar\/sitio\/wp-json\/wp\/v2\/posts\/62912","targetHints":{"allow":["GET"]}}],"collection":[{"href":"https:\/\/eldiariodesanpedro.com.ar\/sitio\/wp-json\/wp\/v2\/posts"}],"about":[{"href":"https:\/\/eldiariodesanpedro.com.ar\/sitio\/wp-json\/wp\/v2\/types\/post"}],"author":[{"embeddable":true,"href":"https:\/\/eldiariodesanpedro.com.ar\/sitio\/wp-json\/wp\/v2\/users\/4"}],"replies":[{"embeddable":true,"href":"https:\/\/eldiariodesanpedro.com.ar\/sitio\/wp-json\/wp\/v2\/comments?post=62912"}],"version-history":[{"count":1,"href":"https:\/\/eldiariodesanpedro.com.ar\/sitio\/wp-json\/wp\/v2\/posts\/62912\/revisions"}],"predecessor-version":[{"id":62914,"href":"https:\/\/eldiariodesanpedro.com.ar\/sitio\/wp-json\/wp\/v2\/posts\/62912\/revisions\/62914"}],"wp:featuredmedia":[{"embeddable":true,"href":"https:\/\/eldiariodesanpedro.com.ar\/sitio\/wp-json\/wp\/v2\/media\/62913"}],"wp:attachment":[{"href":"https:\/\/eldiariodesanpedro.com.ar\/sitio\/wp-json\/wp\/v2\/media?parent=62912"}],"wp:term":[{"taxonomy":"category","embeddable":true,"href":"https:\/\/eldiariodesanpedro.com.ar\/sitio\/wp-json\/wp\/v2\/categories?post=62912"},{"taxonomy":"post_tag","embeddable":true,"href":"https:\/\/eldiariodesanpedro.com.ar\/sitio\/wp-json\/wp\/v2\/tags?post=62912"}],"curies":[{"name":"wp","href":"https:\/\/api.w.org\/{rel}","templated":true}]}}